{"id":18650,"date":"2022-02-04T17:30:20","date_gmt":"2022-02-04T16:30:20","guid":{"rendered":"https:\/\/profooditalia.it\/?p=18650"},"modified":"2025-07-23T15:45:31","modified_gmt":"2025-07-23T13:45:31","slug":"conservazione-igiene-e-praticita-qui-e-meglio-dire-plastic-si","status":"publish","type":"post","link":"https:\/\/profooditalia.it\/en\/notizie\/conservazione-igiene-e-praticita-qui-e-meglio-dire-plastic-si\/","title":{"rendered":"Conservazione, igiene e praticit\u00e0: qui \u00e8 meglio dire #PlasticS\u00ec"},"content":{"rendered":"<div class=\"wpb-content-wrapper\"><p>[vc_row][vc_column][vc_separator color=&#8221;white&#8221;][vc_column_text]La grande diffusione dei packaging in plastica ha molte spiegazioni: la plastica \u00e8 un materiale virtuoso, \u00e8 leggero, malleabile, versatile, economico, resistente e riciclabile. Il suo utilizzo nel settore alimentare rappresenta in molti casi la soluzione migliore, se non l\u2019unica, in situazioni come eventi, emergenze, trasporti e consumi in movimento. Inoltre, in tutte le situazioni in cui viene applicata si fa apprezzare perch\u00e9 protegge l\u2019igiene del contenuto, ne prolunga la vita o, semplicemente, perch\u00e9 \u00e8 molto pratica e comoda.[\/vc_column_text][vc_separator color=&#8221;white&#8221;][vc_column_text]<\/p>\n<h3><strong>Packaging in plastica e sicurezza alimentare<\/strong><\/h3>\n<p>[\/vc_column_text][vc_column_text]Siamo sinceri, acquisteremmo dei frutti al supermercato se prima avessimo visto qualcuno toccare, annusare o scegliere i prodotti senza indossare una protezione delle mani?\u00a0 Decisamente no, non lo faremmo. Ma anche se non lo vediamo un prodotto sfuso \u00e8 esposto a contaminazioni di microorganismi come batteri, parassiti e virus. La sicurezza alimentare \u00e8 un tema importante, tanto \u00e8 vero che esistono norme precise che regolamentano la gestione degli alimenti per preservarne l\u2019integrit\u00e0.<\/p>\n<p>Il contributo che il packaging in plastica pu\u00f2 dare alla sicurezza alimentare \u00e8 evidente, protegge il prodotto dagli agenti esterni nelle diverse fasi di trasporto, movimentazione e vendita. Una prova indiretta dell\u2019utilit\u00e0 del packaging in plastica \u00e8 l\u2019aumento della domanda nei momenti critici (come ad esempio in periodo di pandemia) durante i quali l\u2019igiene assume un\u2019importanza particolare.<\/p>\n<p>[\/vc_column_text][vc_separator color=&#8221;white&#8221;][movedo_video video_link=&#8221;https:\/\/youtu.be\/lkeILvYYsnY&#8221;][vc_separator color=&#8221;white&#8221;][vc_column_text]<\/p>\n<h3><strong>Packaging in plastica contro lo spreco alimentare<\/strong><\/h3>\n<p>[\/vc_column_text][vc_column_text]In Italia nel 2020 si \u00e8 sprecato cibo per 10 miliardi di euro, di cui due terzi (6,5 miliardi di euro) a livello domestico e 3,5 lungo la filiera produzione\/distribuzione.<\/p>\n<p>Lo spreco alimentare a livello mondiale \u00e8 impressionante, i dati UNEP \u2013 United Nations Environment Programme \u2013 stimano che ogni anno si generino oltre 930 milioni di tonnellate di spreco alimentare. L\u2019UNEP valuta che il 17% di quanto viene coltivato, distribuito e venduto venga buttato. In termini produttivi significa che circa 1,4 milioni di ettari di terreno coltivabile sono di fatto impiegati per coltivare alimenti che non vengono mangiati. Ma lo spreco alimentare non \u00e8 soltanto un danno economico, sempre l\u2019UNEP stima che tra l\u20198% e il 10% delle emissioni di gas serra su scala globale sia dovute proprio al cibo che non viene consumato, con conseguente grave danno ambientale.<\/p>\n<p>Ma cosa c\u2019entrano gli imballaggi di plastica con lo spreco alimentare? La risposta \u00e8 molto semplice, il packaging di plastica prolunga la vita del cibo sia nelle fasi della distribuzione e della vendita sia a livello domestico. Un esempio? Un broccolo confezionato nella plastica pu\u00f2 durare, a temperatura ambiente, fino a 4 volte in pi\u00f9 senza perdere le sue propriet\u00e0 rispetto a un broccolo conservato senza imballaggio (fonte: <a href=\"http:\/\/bressanini-lescienze.blogautore.espresso.repubblica.it\/2019\/07\/10\/benedetta-plastica\/\">Scienza in Cucina, Dario Bressanini<\/a>) Cosa succede invece in frigorifero?[\/vc_column_text][vc_separator color=&#8221;white&#8221;][movedo_video video_link=&#8221;https:\/\/www.youtube.com\/watch?v=mUGdgJzuMSc&#8221;][vc_separator color=&#8221;white&#8221;][vc_column_text]<\/p>\n<h3><strong>Il contenitore giusto al momento giusto<\/strong><\/h3>\n<p>[\/vc_column_text][vc_column_text]Pensiamo a situazioni di emergenza o, pi\u00f9 semplicemente, a un picnic piuttosto che a uno spuntino nell\u2019intervallo di pranzo, c\u2019\u00e8 qualcosa di pi\u00f9 semplice e pratico di una vaschetta in plastica per contenere gli alimenti, liquidi o solidi che siano? Su questo \u00e8 difficile non essere d\u2019accordo ma \u00e8 bene ricordare che i rifiuti in plastica devono essere correttamente differenziati (come tutti i rifiuti peraltro) per essere avviati a riciclo. E questo non \u00e8 un problema tecnico ma di comportamenti individuale o, in qualche caso, di mancanza di infrastrutture.<\/p>\n<p>[\/vc_column_text][movedo_video video_link=&#8221;https:\/\/youtu.be\/8Us0kAEj6Qo&#8221;][vc_column_text]<\/p>\n<p>Oggi c\u2019\u00e8 anche una bella novit\u00e0: il <a href=\"https:\/\/profooditalia.it\/2021\/10\/28\/un-circolo-virtuoso-per-realizzare-delle-vaschette-per-alimenti-in-pet-attraverso-lutilizzo-di-pet-riciclato-proveniente-da-vaschette\/\">progetto V-PET \u2013 da vaschetta a vaschetta<\/a>, che ha l\u2019obiettivo di creare un circolo virtuoso attraverso l\u2019utilizzo di Pet riciclato per produrre nuove vaschette. Il progetto nasce dalla collaborazione di tutti gli attori della filiera che, oltre a Pro Food\/Unionplast, ha coinvolto Conai, Corepla, selezionatori, riciclatori, produttori di vaschette e grande distribuzione.[\/vc_column_text][\/vc_column][\/vc_row]<\/p>\n<\/div>","protected":false},"excerpt":{"rendered":"<p>La plastica \u00e8 un materiale virtuoso e il suo utilizzo nel settore alimentare rappresenta una soluzione ottimale per la sicurezza e lo spreco alimentare<\/p>\n","protected":false},"author":4,"featured_media":18662,"comment_status":"closed","ping_status":"closed","sticky":false,"template":"","format":"standard","meta":{"_acf_changed":false,"footnotes":""},"categories":[1],"tags":[32,33,19,30,34,35,36,37,18],"class_list":["post-18650","post","type-post","status-publish","format-standard","has-post-thumbnail","hentry","category-notizie","tag-contenitore","tag-igiene","tag-imballaggi-plastica","tag-packaging","tag-plastica","tag-praticita","tag-sicurezza-alimentare","tag-spreco-alimentare","tag-v-pet"],"acf":[],"yoast_head":"<!-- This site is optimized with the Yoast SEO plugin v27.1.1 - https:\/\/yoast.com\/product\/yoast-seo-wordpress\/ -->\n<title>Conservazione, igiene e praticit\u00e0: qui \u00e8 meglio dire #PlasticS\u00ec - Pro Food<\/title>\n<meta name=\"description\" content=\"La diffusione dei packaging in plastica ha molte spiegazioni: la plastica \u00e8 un materiale virtuoso, leggero, malleabile, versatile, economico.\" \/>\n<meta name=\"robots\" content=\"index, follow, max-snippet:-1, max-image-preview:large, max-video-preview:-1\" \/>\n<link rel=\"canonical\" href=\"https:\/\/profooditalia.it\/en\/notizie\/conservazione-igiene-e-praticita-qui-e-meglio-dire-plastic-si\/\" \/>\n<meta property=\"og:locale\" content=\"en_US\" \/>\n<meta property=\"og:type\" content=\"article\" \/>\n<meta property=\"og:title\" content=\"Conservazione, igiene e praticit\u00e0: qui \u00e8 meglio dire #PlasticS\u00ec - Pro Food\" \/>\n<meta property=\"og:description\" content=\"La diffusione dei packaging in plastica ha molte spiegazioni: la plastica \u00e8 un materiale virtuoso, leggero, malleabile, versatile, economico.\" \/>\n<meta property=\"og:url\" content=\"https:\/\/profooditalia.it\/en\/notizie\/conservazione-igiene-e-praticita-qui-e-meglio-dire-plastic-si\/\" \/>\n<meta property=\"og:site_name\" content=\"Pro Food\" \/>\n<meta property=\"article:published_time\" content=\"2022-02-04T16:30:20+00:00\" \/>\n<meta property=\"article:modified_time\" content=\"2025-07-23T13:45:31+00:00\" \/>\n<meta property=\"og:image\" content=\"https:\/\/profooditalia.it\/wp-content\/uploads\/2022\/02\/foto-no-scritte-scaled-1.jpg\" \/>\n\t<meta property=\"og:image:width\" content=\"2560\" \/>\n\t<meta property=\"og:image:height\" content=\"1338\" \/>\n\t<meta property=\"og:image:type\" content=\"image\/jpeg\" \/>\n<meta name=\"author\" content=\"Lorenzo Segale\" \/>\n<meta name=\"twitter:card\" content=\"summary_large_image\" \/>\n<meta name=\"twitter:label1\" content=\"Written by\" \/>\n\t<meta name=\"twitter:data1\" content=\"Lorenzo Segale\" \/>\n\t<meta name=\"twitter:label2\" content=\"Est. reading time\" \/>\n\t<meta name=\"twitter:data2\" content=\"4 minutes\" \/>\n<script type=\"application\/ld+json\" class=\"yoast-schema-graph\">{\"@context\":\"https:\/\/schema.org\",\"@graph\":[{\"@type\":\"Article\",\"@id\":\"https:\/\/profooditalia.it\/en\/notizie\/conservazione-igiene-e-praticita-qui-e-meglio-dire-plastic-si\/#article\",\"isPartOf\":{\"@id\":\"https:\/\/profooditalia.it\/en\/notizie\/conservazione-igiene-e-praticita-qui-e-meglio-dire-plastic-si\/\"},\"author\":{\"name\":\"Lorenzo Segale\",\"@id\":\"https:\/\/profooditalia.it\/en\/#\/schema\/person\/7d2d18ed8e2802c31d608b6e40e7368a\"},\"headline\":\"Conservazione, igiene e praticit\u00e0: qui \u00e8 meglio dire #PlasticS\u00ec\",\"datePublished\":\"2022-02-04T16:30:20+00:00\",\"dateModified\":\"2025-07-23T13:45:31+00:00\",\"mainEntityOfPage\":{\"@id\":\"https:\/\/profooditalia.it\/en\/notizie\/conservazione-igiene-e-praticita-qui-e-meglio-dire-plastic-si\/\"},\"wordCount\":699,\"publisher\":{\"@id\":\"https:\/\/profooditalia.it\/en\/#organization\"},\"image\":{\"@id\":\"https:\/\/profooditalia.it\/en\/notizie\/conservazione-igiene-e-praticita-qui-e-meglio-dire-plastic-si\/#primaryimage\"},\"thumbnailUrl\":\"https:\/\/profooditalia.it\/wp-content\/uploads\/2022\/02\/foto-no-scritte-scaled-1.jpg\",\"keywords\":[\"contenitore\",\"igiene\",\"imballaggi plastica\",\"packaging\",\"plastica\",\"praticit\u00e0\",\"sicurezza alimentare\",\"spreco alimentare\",\"v-pet\"],\"articleSection\":[\"Notizie\"],\"inLanguage\":\"en-US\"},{\"@type\":\"WebPage\",\"@id\":\"https:\/\/profooditalia.it\/en\/notizie\/conservazione-igiene-e-praticita-qui-e-meglio-dire-plastic-si\/\",\"url\":\"https:\/\/profooditalia.it\/en\/notizie\/conservazione-igiene-e-praticita-qui-e-meglio-dire-plastic-si\/\",\"name\":\"Conservazione, igiene e praticit\u00e0: qui \u00e8 meglio dire #PlasticS\u00ec - Pro Food\",\"isPartOf\":{\"@id\":\"https:\/\/profooditalia.it\/en\/#website\"},\"primaryImageOfPage\":{\"@id\":\"https:\/\/profooditalia.it\/en\/notizie\/conservazione-igiene-e-praticita-qui-e-meglio-dire-plastic-si\/#primaryimage\"},\"image\":{\"@id\":\"https:\/\/profooditalia.it\/en\/notizie\/conservazione-igiene-e-praticita-qui-e-meglio-dire-plastic-si\/#primaryimage\"},\"thumbnailUrl\":\"https:\/\/profooditalia.it\/wp-content\/uploads\/2022\/02\/foto-no-scritte-scaled-1.jpg\",\"datePublished\":\"2022-02-04T16:30:20+00:00\",\"dateModified\":\"2025-07-23T13:45:31+00:00\",\"description\":\"La diffusione dei packaging in plastica ha molte spiegazioni: la plastica \u00e8 un materiale virtuoso, leggero, malleabile, versatile, economico.\",\"breadcrumb\":{\"@id\":\"https:\/\/profooditalia.it\/en\/notizie\/conservazione-igiene-e-praticita-qui-e-meglio-dire-plastic-si\/#breadcrumb\"},\"inLanguage\":\"en-US\",\"potentialAction\":[{\"@type\":\"ReadAction\",\"target\":[\"https:\/\/profooditalia.it\/en\/notizie\/conservazione-igiene-e-praticita-qui-e-meglio-dire-plastic-si\/\"]}]},{\"@type\":\"ImageObject\",\"inLanguage\":\"en-US\",\"@id\":\"https:\/\/profooditalia.it\/en\/notizie\/conservazione-igiene-e-praticita-qui-e-meglio-dire-plastic-si\/#primaryimage\",\"url\":\"https:\/\/profooditalia.it\/wp-content\/uploads\/2022\/02\/foto-no-scritte-scaled-1.jpg\",\"contentUrl\":\"https:\/\/profooditalia.it\/wp-content\/uploads\/2022\/02\/foto-no-scritte-scaled-1.jpg\",\"width\":2560,\"height\":1338},{\"@type\":\"BreadcrumbList\",\"@id\":\"https:\/\/profooditalia.it\/en\/notizie\/conservazione-igiene-e-praticita-qui-e-meglio-dire-plastic-si\/#breadcrumb\",\"itemListElement\":[{\"@type\":\"ListItem\",\"position\":1,\"name\":\"Home\",\"item\":\"https:\/\/profooditalia.it\/en\/home-page\/\"},{\"@type\":\"ListItem\",\"position\":2,\"name\":\"Conservazione, igiene e praticit\u00e0: qui \u00e8 meglio dire #PlasticS\u00ec\"}]},{\"@type\":\"WebSite\",\"@id\":\"https:\/\/profooditalia.it\/en\/#website\",\"url\":\"https:\/\/profooditalia.it\/en\/\",\"name\":\"Pro Food\",\"description\":\"Gruppo produttori imballaggi per alimenti freschi\",\"publisher\":{\"@id\":\"https:\/\/profooditalia.it\/en\/#organization\"},\"potentialAction\":[{\"@type\":\"SearchAction\",\"target\":{\"@type\":\"EntryPoint\",\"urlTemplate\":\"https:\/\/profooditalia.it\/en\/?s={search_term_string}\"},\"query-input\":{\"@type\":\"PropertyValueSpecification\",\"valueRequired\":true,\"valueName\":\"search_term_string\"}}],\"inLanguage\":\"en-US\"},{\"@type\":\"Organization\",\"@id\":\"https:\/\/profooditalia.it\/en\/#organization\",\"name\":\"Pro Food\",\"url\":\"https:\/\/profooditalia.it\/en\/\",\"logo\":{\"@type\":\"ImageObject\",\"inLanguage\":\"en-US\",\"@id\":\"https:\/\/profooditalia.it\/en\/#\/schema\/logo\/image\/\",\"url\":\"https:\/\/profooditalia.it\/wp-content\/uploads\/2025\/11\/pro-food-logo-trasp-512x512-1.png\",\"contentUrl\":\"https:\/\/profooditalia.it\/wp-content\/uploads\/2025\/11\/pro-food-logo-trasp-512x512-1.png\",\"width\":512,\"height\":512,\"caption\":\"Pro Food\"},\"image\":{\"@id\":\"https:\/\/profooditalia.it\/en\/#\/schema\/logo\/image\/\"}},{\"@type\":\"Person\",\"@id\":\"https:\/\/profooditalia.it\/en\/#\/schema\/person\/7d2d18ed8e2802c31d608b6e40e7368a\",\"name\":\"Lorenzo Segale\"}]}<\/script>\n<!-- \/ Yoast SEO plugin. -->","yoast_head_json":{"title":"Conservazione, igiene e praticit\u00e0: qui \u00e8 meglio dire #PlasticS\u00ec - Pro Food","description":"La diffusione dei packaging in plastica ha molte spiegazioni: la plastica \u00e8 un materiale virtuoso, leggero, malleabile, versatile, economico.","robots":{"index":"index","follow":"follow","max-snippet":"max-snippet:-1","max-image-preview":"max-image-preview:large","max-video-preview":"max-video-preview:-1"},"canonical":"https:\/\/profooditalia.it\/en\/notizie\/conservazione-igiene-e-praticita-qui-e-meglio-dire-plastic-si\/","og_locale":"en_US","og_type":"article","og_title":"Conservazione, igiene e praticit\u00e0: qui \u00e8 meglio dire #PlasticS\u00ec - Pro Food","og_description":"La diffusione dei packaging in plastica ha molte spiegazioni: la plastica \u00e8 un materiale virtuoso, leggero, malleabile, versatile, economico.","og_url":"https:\/\/profooditalia.it\/en\/notizie\/conservazione-igiene-e-praticita-qui-e-meglio-dire-plastic-si\/","og_site_name":"Pro Food","article_published_time":"2022-02-04T16:30:20+00:00","article_modified_time":"2025-07-23T13:45:31+00:00","og_image":[{"width":2560,"height":1338,"url":"https:\/\/profooditalia.it\/wp-content\/uploads\/2022\/02\/foto-no-scritte-scaled-1.jpg","type":"image\/jpeg"}],"author":"Lorenzo Segale","twitter_card":"summary_large_image","twitter_misc":{"Written by":"Lorenzo Segale","Est. reading time":"4 minutes"},"schema":{"@context":"https:\/\/schema.org","@graph":[{"@type":"Article","@id":"https:\/\/profooditalia.it\/en\/notizie\/conservazione-igiene-e-praticita-qui-e-meglio-dire-plastic-si\/#article","isPartOf":{"@id":"https:\/\/profooditalia.it\/en\/notizie\/conservazione-igiene-e-praticita-qui-e-meglio-dire-plastic-si\/"},"author":{"name":"Lorenzo Segale","@id":"https:\/\/profooditalia.it\/en\/#\/schema\/person\/7d2d18ed8e2802c31d608b6e40e7368a"},"headline":"Conservazione, igiene e praticit\u00e0: qui \u00e8 meglio dire #PlasticS\u00ec","datePublished":"2022-02-04T16:30:20+00:00","dateModified":"2025-07-23T13:45:31+00:00","mainEntityOfPage":{"@id":"https:\/\/profooditalia.it\/en\/notizie\/conservazione-igiene-e-praticita-qui-e-meglio-dire-plastic-si\/"},"wordCount":699,"publisher":{"@id":"https:\/\/profooditalia.it\/en\/#organization"},"image":{"@id":"https:\/\/profooditalia.it\/en\/notizie\/conservazione-igiene-e-praticita-qui-e-meglio-dire-plastic-si\/#primaryimage"},"thumbnailUrl":"https:\/\/profooditalia.it\/wp-content\/uploads\/2022\/02\/foto-no-scritte-scaled-1.jpg","keywords":["contenitore","igiene","imballaggi plastica","packaging","plastica","praticit\u00e0","sicurezza alimentare","spreco alimentare","v-pet"],"articleSection":["Notizie"],"inLanguage":"en-US"},{"@type":"WebPage","@id":"https:\/\/profooditalia.it\/en\/notizie\/conservazione-igiene-e-praticita-qui-e-meglio-dire-plastic-si\/","url":"https:\/\/profooditalia.it\/en\/notizie\/conservazione-igiene-e-praticita-qui-e-meglio-dire-plastic-si\/","name":"Conservazione, igiene e praticit\u00e0: qui \u00e8 meglio dire #PlasticS\u00ec - Pro Food","isPartOf":{"@id":"https:\/\/profooditalia.it\/en\/#website"},"primaryImageOfPage":{"@id":"https:\/\/profooditalia.it\/en\/notizie\/conservazione-igiene-e-praticita-qui-e-meglio-dire-plastic-si\/#primaryimage"},"image":{"@id":"https:\/\/profooditalia.it\/en\/notizie\/conservazione-igiene-e-praticita-qui-e-meglio-dire-plastic-si\/#primaryimage"},"thumbnailUrl":"https:\/\/profooditalia.it\/wp-content\/uploads\/2022\/02\/foto-no-scritte-scaled-1.jpg","datePublished":"2022-02-04T16:30:20+00:00","dateModified":"2025-07-23T13:45:31+00:00","description":"La diffusione dei packaging in plastica ha molte spiegazioni: la plastica \u00e8 un materiale virtuoso, leggero, malleabile, versatile, economico.","breadcrumb":{"@id":"https:\/\/profooditalia.it\/en\/notizie\/conservazione-igiene-e-praticita-qui-e-meglio-dire-plastic-si\/#breadcrumb"},"inLanguage":"en-US","potentialAction":[{"@type":"ReadAction","target":["https:\/\/profooditalia.it\/en\/notizie\/conservazione-igiene-e-praticita-qui-e-meglio-dire-plastic-si\/"]}]},{"@type":"ImageObject","inLanguage":"en-US","@id":"https:\/\/profooditalia.it\/en\/notizie\/conservazione-igiene-e-praticita-qui-e-meglio-dire-plastic-si\/#primaryimage","url":"https:\/\/profooditalia.it\/wp-content\/uploads\/2022\/02\/foto-no-scritte-scaled-1.jpg","contentUrl":"https:\/\/profooditalia.it\/wp-content\/uploads\/2022\/02\/foto-no-scritte-scaled-1.jpg","width":2560,"height":1338},{"@type":"BreadcrumbList","@id":"https:\/\/profooditalia.it\/en\/notizie\/conservazione-igiene-e-praticita-qui-e-meglio-dire-plastic-si\/#breadcrumb","itemListElement":[{"@type":"ListItem","position":1,"name":"Home","item":"https:\/\/profooditalia.it\/en\/home-page\/"},{"@type":"ListItem","position":2,"name":"Conservazione, igiene e praticit\u00e0: qui \u00e8 meglio dire #PlasticS\u00ec"}]},{"@type":"WebSite","@id":"https:\/\/profooditalia.it\/en\/#website","url":"https:\/\/profooditalia.it\/en\/","name":"Pro Food","description":"Gruppo produttori imballaggi per alimenti freschi","publisher":{"@id":"https:\/\/profooditalia.it\/en\/#organization"},"potentialAction":[{"@type":"SearchAction","target":{"@type":"EntryPoint","urlTemplate":"https:\/\/profooditalia.it\/en\/?s={search_term_string}"},"query-input":{"@type":"PropertyValueSpecification","valueRequired":true,"valueName":"search_term_string"}}],"inLanguage":"en-US"},{"@type":"Organization","@id":"https:\/\/profooditalia.it\/en\/#organization","name":"Pro Food","url":"https:\/\/profooditalia.it\/en\/","logo":{"@type":"ImageObject","inLanguage":"en-US","@id":"https:\/\/profooditalia.it\/en\/#\/schema\/logo\/image\/","url":"https:\/\/profooditalia.it\/wp-content\/uploads\/2025\/11\/pro-food-logo-trasp-512x512-1.png","contentUrl":"https:\/\/profooditalia.it\/wp-content\/uploads\/2025\/11\/pro-food-logo-trasp-512x512-1.png","width":512,"height":512,"caption":"Pro Food"},"image":{"@id":"https:\/\/profooditalia.it\/en\/#\/schema\/logo\/image\/"}},{"@type":"Person","@id":"https:\/\/profooditalia.it\/en\/#\/schema\/person\/7d2d18ed8e2802c31d608b6e40e7368a","name":"Lorenzo Segale"}]}},"_links":{"self":[{"href":"https:\/\/profooditalia.it\/en\/wp-json\/wp\/v2\/posts\/18650","targetHints":{"allow":["GET"]}}],"collection":[{"href":"https:\/\/profooditalia.it\/en\/wp-json\/wp\/v2\/posts"}],"about":[{"href":"https:\/\/profooditalia.it\/en\/wp-json\/wp\/v2\/types\/post"}],"author":[{"embeddable":true,"href":"https:\/\/profooditalia.it\/en\/wp-json\/wp\/v2\/users\/4"}],"replies":[{"embeddable":true,"href":"https:\/\/profooditalia.it\/en\/wp-json\/wp\/v2\/comments?post=18650"}],"version-history":[{"count":1,"href":"https:\/\/profooditalia.it\/en\/wp-json\/wp\/v2\/posts\/18650\/revisions"}],"predecessor-version":[{"id":19384,"href":"https:\/\/profooditalia.it\/en\/wp-json\/wp\/v2\/posts\/18650\/revisions\/19384"}],"wp:featuredmedia":[{"embeddable":true,"href":"https:\/\/profooditalia.it\/en\/wp-json\/wp\/v2\/media\/18662"}],"wp:attachment":[{"href":"https:\/\/profooditalia.it\/en\/wp-json\/wp\/v2\/media?parent=18650"}],"wp:term":[{"taxonomy":"category","embeddable":true,"href":"https:\/\/profooditalia.it\/en\/wp-json\/wp\/v2\/categories?post=18650"},{"taxonomy":"post_tag","embeddable":true,"href":"https:\/\/profooditalia.it\/en\/wp-json\/wp\/v2\/tags?post=18650"}],"curies":[{"name":"wp","href":"https:\/\/api.w.org\/{rel}","templated":true}]}}