{"id":18772,"date":"2022-12-06T10:17:31","date_gmt":"2022-12-06T09:17:31","guid":{"rendered":"https:\/\/profooditalia.it\/?p=18772"},"modified":"2025-07-23T15:45:29","modified_gmt":"2025-07-23T13:45:29","slug":"le-proposte-della-commissione-europea-sugli-imballaggi-preoccupano-lindustria-italiana","status":"publish","type":"post","link":"https:\/\/profooditalia.it\/en\/notizie\/le-proposte-della-commissione-europea-sugli-imballaggi-preoccupano-lindustria-italiana\/","title":{"rendered":"Le proposte della Commissione europea sugli imballaggi preoccupano l\u2019industria italiana"},"content":{"rendered":"<div class=\"wpb-content-wrapper\"><p>[vc_row][vc_column][vc_separator color=&#8221;white&#8221;][vc_column_text]La Commissione europea ha pubblicato la nuova proposta di Regolamento sugli imballaggi e rifiuti da imballaggio (PPWR). Il cambiamento di forma giuridica da direttiva a regolamento direttamente applicabile in tutti gli stati membri indica la volont\u00e0 di stabilire norme uniformi sugli imballaggi nel mercato interno europeo.<br \/>\nPrima di diventare esecutive le proposte della Commissione dovranno per\u00f2 essere presentate al Parlamento europeo e al Consiglio.<br \/>\nQuesto orientamento risulta apprezzabile e costruttivo per certi aspetti, viste anche le incongruenze di applicazione della recente Direttiva su Single Use Packaging (SUPD).<br \/>\nVi sono per\u00f2 altri aspetti per i quali alcune misure previste dalla proposta di Regolamento risulterebbero totalmente inapplicabili in numerosi stati, se non a discapito della sostenibilit\u00e0 reale.<br \/>\nPro Food \u00e8 favorevole ad alcuni temi contenuti nel Regolamento, quali la riduzione dell\u2019\u201cover-packaging\u201d, la spinta a rendere tutti gli imballaggi riciclabili entro il 2030 e all\u2019aumento dell\u2019utilizzo di plastica riciclata per produrre imballaggi: sono temi che vedono le aziende di Pro Food all\u2019avanguardia nel settore degli imballaggi per alimenti.[\/vc_column_text][vc_separator color=&#8221;white&#8221;][vc_column_text]<strong>Riteniamo invece che vi siano norme previste dal regolamento non basate su studi scientifici di un minimo spessore, frutto di valutazioni puramente ideologiche e tali da mettere a rischio la stessa sicurezza alimentare.\u00a0<\/strong>[\/vc_column_text][vc_separator color=&#8221;white&#8221;][vc_column_text]Le proposte che destano pi\u00f9 preoccupazione sono quelle che riguardano\u00a0il divieto di vendita dei\u00a0\u00a0contenitori in plastica per contenere frutta e verdura cos\u00ec come gli imballaggi monouso per servire alimenti e bevande all\u2019interno di ristoranti e bar e\u00a0l\u2019introduzione di percentuali minime di imballaggi riutilizzabili che dovranno essere immessi sul mercato a partire dal 1\u00b0 Gennaio 2030.<br \/>\nEntro tale data il 20% dei contenitori per bevande da asporto, come tazze e bicchieri, dovranno essere riutilizzabili. Percentuale che dovr\u00e0 essere dell\u201980% nel 2040.<br \/>\nAllo stesso modo entro il 2030 il 10% degli alimenti pronti al consumo e d\u2019asporto dovr\u00e0 essere venduto in imballaggi riutilizzabili, quota che nel 2040 dovrebbe salire al 40%.<br \/>\n<span style=\"font-family: inherit; font-size: inherit; font-style: inherit; font-variant-ligatures: inherit; font-variant-caps: inherit; font-weight: inherit;\">Queste norme e obiettivi appaiono puramente arbitrari, anzich\u00e9 frutto di valutazioni scientifiche fatte utilizzando strumenti specifici come studi di LCA, in grado di evidenziare costi\/benefici ambientali delle soluzioni riutilizzabili rispetto a quelle monouso.<\/span><br \/>\nCi chiediamo soprattutto se siano stati valutati gli impatti sulla shelf life di cibi e bevande, e sul conseguente, inevitabile aumento dello spreco alimentare dei prodotti non confezionati.<br \/>\nCi domandiamo anche se siano state fatte valutazioni sulla tutela della salute dei consumatori in situazioni di consumo \u201cnomade\u201d (on-the-go) ma anche al proprio domicilio.<br \/>\nIl dubbio \u00e8 che la Commissione non abbia tenuto in considerazione la complessit\u00e0 del settore e, visti i tempi e gli obiettivi previsti, che non ci sia la sua volont\u00e0 di supportare le aziende nella transizione.<\/p>\n<p>[\/vc_column_text][vc_separator color=&#8221;white&#8221;][vc_column_text]<strong>Inoltre, queste proposte sono estremamente penalizzanti per l\u2019intera filiera agroalimentare italiana. <\/strong>[\/vc_column_text][vc_separator color=&#8221;white&#8221;][vc_column_text]Perch\u00e9 l\u2019Italia \u00e8 un grande esportatore di prodotti ortofrutticoli, e la proibizione degli imballaggi in plastica toglierebbe una soluzione assolutamente sostenibile in termini di costo, efficacia logistica e protezione della qualit\u00e0 dell\u2019alimento.<br \/>\nL\u2019Italia ha inoltre concentrato ricerca e investimenti nei processi di riciclo degli imballaggi e ne \u00e8 diventata l\u2019eccellenza in Europa: l\u2019orientamento della commissione focalizzato sul riutilizzo, vanificherebbe tali investimenti e costringerebbe all\u2019abbandono di una politica che porta occupazione e vantaggio competitivo.<br \/>\nIpotizzare di togliere gli imballaggi in plastica per ortofrutta allo scopo di incentivare una filiera corta per i prodotti ortofrutticoli, o addirittura la diffusione di massa di acquisti \u201ca kilometro zero\u201d, significa non avere nessuna idea di come funzioni la catena logistica alimentare, che consente fra l\u2019altro consumi regolari e diffusi di frutta e verdura alle popolazioni di stati non certamente vocati alla loro produzione.<br \/>\nSignifica anche ignorare o non curarsi dell\u2019inevitabile aumento di costi e prezzi, tantopi\u00f9 in una congiuntura inflazionistica come questa.[\/vc_column_text][vc_separator color=&#8221;white&#8221;][vc_column_text]Al convegno <em>\u201cIl riciclo delle vaschette in plastica, un\u2019opportunit\u00e0 per contrastare lo spreco e alimentare la sostenibilit\u00e0\u201d<\/em> tenutosi recentemente durante l\u2019evento Ecomondo, tutti i rappresentanti del mondo produttivo e distributivo degli alimenti freschi hanno espresso un parere concorde sugli imballaggi in plastica: preziosi per allungare la vita del prodotto e concorrere cos\u00ec alla riduzione del food waste, gestibili in termini di impatto ambientale quando usati con intelligenza e avviati al corretto fine vita.<br \/>\nIl Sole 24 Ore stima che sarebbero 700mila le aziende italiane con oltre 6 milioni di dipendenti che rischiano di essere danneggiate da queste misure.<br \/>\nDa Confindustria allo stesso ministro dell\u2019ambiente Pichetto Fratin: l\u2019Italia critica con forza una proposta che potrebbe danneggiare il tessuto economico nazionale a fronte di modesti se non nulli benefici ambientali.<br \/>\nL\u2019auspicio \u00e8 dunque che queste norme vengano corrette dal Parlamento europeo.[\/vc_column_text][\/vc_column][\/vc_row]<\/p>\n<\/div>","protected":false},"excerpt":{"rendered":"<p>La Commissione europea ha pubblicato la nuova proposta di Regolamento sugli imballaggi e rifiuti da imballaggio di plastica. Proposte che sono penalizzanti per la filiera agroalimentare italiana.<\/p>\n","protected":false},"author":4,"featured_media":18778,"comment_status":"closed","ping_status":"closed","sticky":false,"template":"","format":"standard","meta":{"_acf_changed":false,"footnotes":""},"categories":[1],"tags":[94,67,84,95,96,34,97,88,37,98],"class_list":["post-18772","post","type-post","status-publish","format-standard","has-post-thumbnail","hentry","category-notizie","tag-commissione-europea","tag-imballaggi","tag-imballaggi-in-plastica","tag-industria-agroalimentare","tag-industria-italiana","tag-plastica","tag-ppwr","tag-spreco","tag-spreco-alimentare","tag-unione-europea"],"acf":[],"yoast_head":"<!-- This site is optimized with the Yoast SEO plugin v27.1.1 - https:\/\/yoast.com\/product\/yoast-seo-wordpress\/ -->\n<title>Le proposte della Commissione europea sugli imballaggi preoccupano l\u2019industria italiana - Pro Food<\/title>\n<meta name=\"description\" content=\"La Commissione europea ha pubblicato la nuova proposta di Regolamento sugli imballaggi e rifiuti da imballaggio di plastica. Proposte che sono penalizzanti per la filiera agroalimentare italiana.\" \/>\n<meta name=\"robots\" content=\"index, follow, max-snippet:-1, max-image-preview:large, max-video-preview:-1\" \/>\n<link rel=\"canonical\" href=\"https:\/\/profooditalia.it\/en\/notizie\/le-proposte-della-commissione-europea-sugli-imballaggi-preoccupano-lindustria-italiana\/\" \/>\n<meta property=\"og:locale\" content=\"en_US\" \/>\n<meta property=\"og:type\" content=\"article\" \/>\n<meta property=\"og:title\" content=\"Le proposte della Commissione europea sugli imballaggi preoccupano l\u2019industria italiana - Pro Food\" \/>\n<meta property=\"og:description\" content=\"La Commissione europea ha pubblicato la nuova proposta di Regolamento sugli imballaggi e rifiuti da imballaggio di plastica. Proposte che sono penalizzanti per la filiera agroalimentare italiana.\" \/>\n<meta property=\"og:url\" content=\"https:\/\/profooditalia.it\/en\/notizie\/le-proposte-della-commissione-europea-sugli-imballaggi-preoccupano-lindustria-italiana\/\" \/>\n<meta property=\"og:site_name\" content=\"Pro Food\" \/>\n<meta property=\"article:published_time\" content=\"2022-12-06T09:17:31+00:00\" \/>\n<meta property=\"article:modified_time\" content=\"2025-07-23T13:45:29+00:00\" \/>\n<meta property=\"og:image\" content=\"https:\/\/profooditalia.it\/wp-content\/uploads\/2022\/12\/flag-european-union-wooden-judge-gavel-concept-picture-about-law-justice-1-scaled-1.jpg\" \/>\n\t<meta property=\"og:image:width\" content=\"2560\" \/>\n\t<meta property=\"og:image:height\" content=\"1707\" \/>\n\t<meta property=\"og:image:type\" content=\"image\/jpeg\" \/>\n<meta name=\"author\" content=\"Lorenzo Segale\" \/>\n<meta name=\"twitter:card\" content=\"summary_large_image\" \/>\n<meta name=\"twitter:label1\" content=\"Written by\" \/>\n\t<meta name=\"twitter:data1\" content=\"Lorenzo Segale\" \/>\n\t<meta name=\"twitter:label2\" content=\"Est. reading time\" \/>\n\t<meta name=\"twitter:data2\" content=\"4 minutes\" \/>\n<script type=\"application\/ld+json\" class=\"yoast-schema-graph\">{\"@context\":\"https:\/\/schema.org\",\"@graph\":[{\"@type\":\"Article\",\"@id\":\"https:\/\/profooditalia.it\/en\/notizie\/le-proposte-della-commissione-europea-sugli-imballaggi-preoccupano-lindustria-italiana\/#article\",\"isPartOf\":{\"@id\":\"https:\/\/profooditalia.it\/en\/notizie\/le-proposte-della-commissione-europea-sugli-imballaggi-preoccupano-lindustria-italiana\/\"},\"author\":{\"name\":\"Lorenzo Segale\",\"@id\":\"https:\/\/profooditalia.it\/en\/#\/schema\/person\/7d2d18ed8e2802c31d608b6e40e7368a\"},\"headline\":\"Le proposte della Commissione europea sugli imballaggi preoccupano l\u2019industria italiana\",\"datePublished\":\"2022-12-06T09:17:31+00:00\",\"dateModified\":\"2025-07-23T13:45:29+00:00\",\"mainEntityOfPage\":{\"@id\":\"https:\/\/profooditalia.it\/en\/notizie\/le-proposte-della-commissione-europea-sugli-imballaggi-preoccupano-lindustria-italiana\/\"},\"wordCount\":824,\"publisher\":{\"@id\":\"https:\/\/profooditalia.it\/en\/#organization\"},\"image\":{\"@id\":\"https:\/\/profooditalia.it\/en\/notizie\/le-proposte-della-commissione-europea-sugli-imballaggi-preoccupano-lindustria-italiana\/#primaryimage\"},\"thumbnailUrl\":\"https:\/\/profooditalia.it\/wp-content\/uploads\/2022\/12\/flag-european-union-wooden-judge-gavel-concept-picture-about-law-justice-1-scaled-1.jpg\",\"keywords\":[\"commissione europea\",\"imballaggi\",\"imballaggi in plastica\",\"industria agroalimentare\",\"Industria Italiana\",\"plastica\",\"PPWR\",\"spreco\",\"spreco alimentare\",\"unione europea\"],\"articleSection\":[\"Notizie\"],\"inLanguage\":\"en-US\"},{\"@type\":\"WebPage\",\"@id\":\"https:\/\/profooditalia.it\/en\/notizie\/le-proposte-della-commissione-europea-sugli-imballaggi-preoccupano-lindustria-italiana\/\",\"url\":\"https:\/\/profooditalia.it\/en\/notizie\/le-proposte-della-commissione-europea-sugli-imballaggi-preoccupano-lindustria-italiana\/\",\"name\":\"Le proposte della Commissione europea sugli imballaggi preoccupano l\u2019industria italiana - Pro Food\",\"isPartOf\":{\"@id\":\"https:\/\/profooditalia.it\/en\/#website\"},\"primaryImageOfPage\":{\"@id\":\"https:\/\/profooditalia.it\/en\/notizie\/le-proposte-della-commissione-europea-sugli-imballaggi-preoccupano-lindustria-italiana\/#primaryimage\"},\"image\":{\"@id\":\"https:\/\/profooditalia.it\/en\/notizie\/le-proposte-della-commissione-europea-sugli-imballaggi-preoccupano-lindustria-italiana\/#primaryimage\"},\"thumbnailUrl\":\"https:\/\/profooditalia.it\/wp-content\/uploads\/2022\/12\/flag-european-union-wooden-judge-gavel-concept-picture-about-law-justice-1-scaled-1.jpg\",\"datePublished\":\"2022-12-06T09:17:31+00:00\",\"dateModified\":\"2025-07-23T13:45:29+00:00\",\"description\":\"La Commissione europea ha pubblicato la nuova proposta di Regolamento sugli imballaggi e rifiuti da imballaggio di plastica. Proposte che sono penalizzanti per la filiera agroalimentare italiana.\",\"breadcrumb\":{\"@id\":\"https:\/\/profooditalia.it\/en\/notizie\/le-proposte-della-commissione-europea-sugli-imballaggi-preoccupano-lindustria-italiana\/#breadcrumb\"},\"inLanguage\":\"en-US\",\"potentialAction\":[{\"@type\":\"ReadAction\",\"target\":[\"https:\/\/profooditalia.it\/en\/notizie\/le-proposte-della-commissione-europea-sugli-imballaggi-preoccupano-lindustria-italiana\/\"]}]},{\"@type\":\"ImageObject\",\"inLanguage\":\"en-US\",\"@id\":\"https:\/\/profooditalia.it\/en\/notizie\/le-proposte-della-commissione-europea-sugli-imballaggi-preoccupano-lindustria-italiana\/#primaryimage\",\"url\":\"https:\/\/profooditalia.it\/wp-content\/uploads\/2022\/12\/flag-european-union-wooden-judge-gavel-concept-picture-about-law-justice-1-scaled-1.jpg\",\"contentUrl\":\"https:\/\/profooditalia.it\/wp-content\/uploads\/2022\/12\/flag-european-union-wooden-judge-gavel-concept-picture-about-law-justice-1-scaled-1.jpg\",\"width\":2560,\"height\":1707,\"caption\":\"Pro Food Le proposte della Commissione europea sugli imballaggi preoccupano l\u2019industria italiana\"},{\"@type\":\"BreadcrumbList\",\"@id\":\"https:\/\/profooditalia.it\/en\/notizie\/le-proposte-della-commissione-europea-sugli-imballaggi-preoccupano-lindustria-italiana\/#breadcrumb\",\"itemListElement\":[{\"@type\":\"ListItem\",\"position\":1,\"name\":\"Home\",\"item\":\"https:\/\/profooditalia.it\/en\/home-page\/\"},{\"@type\":\"ListItem\",\"position\":2,\"name\":\"Le proposte della Commissione europea sugli imballaggi preoccupano l\u2019industria italiana\"}]},{\"@type\":\"WebSite\",\"@id\":\"https:\/\/profooditalia.it\/en\/#website\",\"url\":\"https:\/\/profooditalia.it\/en\/\",\"name\":\"Pro Food\",\"description\":\"Gruppo produttori imballaggi per alimenti freschi\",\"publisher\":{\"@id\":\"https:\/\/profooditalia.it\/en\/#organization\"},\"potentialAction\":[{\"@type\":\"SearchAction\",\"target\":{\"@type\":\"EntryPoint\",\"urlTemplate\":\"https:\/\/profooditalia.it\/en\/?s={search_term_string}\"},\"query-input\":{\"@type\":\"PropertyValueSpecification\",\"valueRequired\":true,\"valueName\":\"search_term_string\"}}],\"inLanguage\":\"en-US\"},{\"@type\":\"Organization\",\"@id\":\"https:\/\/profooditalia.it\/en\/#organization\",\"name\":\"Pro Food\",\"url\":\"https:\/\/profooditalia.it\/en\/\",\"logo\":{\"@type\":\"ImageObject\",\"inLanguage\":\"en-US\",\"@id\":\"https:\/\/profooditalia.it\/en\/#\/schema\/logo\/image\/\",\"url\":\"https:\/\/profooditalia.it\/wp-content\/uploads\/2025\/11\/pro-food-logo-trasp-512x512-1.png\",\"contentUrl\":\"https:\/\/profooditalia.it\/wp-content\/uploads\/2025\/11\/pro-food-logo-trasp-512x512-1.png\",\"width\":512,\"height\":512,\"caption\":\"Pro Food\"},\"image\":{\"@id\":\"https:\/\/profooditalia.it\/en\/#\/schema\/logo\/image\/\"}},{\"@type\":\"Person\",\"@id\":\"https:\/\/profooditalia.it\/en\/#\/schema\/person\/7d2d18ed8e2802c31d608b6e40e7368a\",\"name\":\"Lorenzo Segale\"}]}<\/script>\n<!-- \/ Yoast SEO plugin. -->","yoast_head_json":{"title":"Le proposte della Commissione europea sugli imballaggi preoccupano l\u2019industria italiana - Pro Food","description":"La Commissione europea ha pubblicato la nuova proposta di Regolamento sugli imballaggi e rifiuti da imballaggio di plastica. Proposte che sono penalizzanti per la filiera agroalimentare italiana.","robots":{"index":"index","follow":"follow","max-snippet":"max-snippet:-1","max-image-preview":"max-image-preview:large","max-video-preview":"max-video-preview:-1"},"canonical":"https:\/\/profooditalia.it\/en\/notizie\/le-proposte-della-commissione-europea-sugli-imballaggi-preoccupano-lindustria-italiana\/","og_locale":"en_US","og_type":"article","og_title":"Le proposte della Commissione europea sugli imballaggi preoccupano l\u2019industria italiana - Pro Food","og_description":"La Commissione europea ha pubblicato la nuova proposta di Regolamento sugli imballaggi e rifiuti da imballaggio di plastica. Proposte che sono penalizzanti per la filiera agroalimentare italiana.","og_url":"https:\/\/profooditalia.it\/en\/notizie\/le-proposte-della-commissione-europea-sugli-imballaggi-preoccupano-lindustria-italiana\/","og_site_name":"Pro Food","article_published_time":"2022-12-06T09:17:31+00:00","article_modified_time":"2025-07-23T13:45:29+00:00","og_image":[{"width":2560,"height":1707,"url":"https:\/\/profooditalia.it\/wp-content\/uploads\/2022\/12\/flag-european-union-wooden-judge-gavel-concept-picture-about-law-justice-1-scaled-1.jpg","type":"image\/jpeg"}],"author":"Lorenzo Segale","twitter_card":"summary_large_image","twitter_misc":{"Written by":"Lorenzo Segale","Est. reading time":"4 minutes"},"schema":{"@context":"https:\/\/schema.org","@graph":[{"@type":"Article","@id":"https:\/\/profooditalia.it\/en\/notizie\/le-proposte-della-commissione-europea-sugli-imballaggi-preoccupano-lindustria-italiana\/#article","isPartOf":{"@id":"https:\/\/profooditalia.it\/en\/notizie\/le-proposte-della-commissione-europea-sugli-imballaggi-preoccupano-lindustria-italiana\/"},"author":{"name":"Lorenzo Segale","@id":"https:\/\/profooditalia.it\/en\/#\/schema\/person\/7d2d18ed8e2802c31d608b6e40e7368a"},"headline":"Le proposte della Commissione europea sugli imballaggi preoccupano l\u2019industria italiana","datePublished":"2022-12-06T09:17:31+00:00","dateModified":"2025-07-23T13:45:29+00:00","mainEntityOfPage":{"@id":"https:\/\/profooditalia.it\/en\/notizie\/le-proposte-della-commissione-europea-sugli-imballaggi-preoccupano-lindustria-italiana\/"},"wordCount":824,"publisher":{"@id":"https:\/\/profooditalia.it\/en\/#organization"},"image":{"@id":"https:\/\/profooditalia.it\/en\/notizie\/le-proposte-della-commissione-europea-sugli-imballaggi-preoccupano-lindustria-italiana\/#primaryimage"},"thumbnailUrl":"https:\/\/profooditalia.it\/wp-content\/uploads\/2022\/12\/flag-european-union-wooden-judge-gavel-concept-picture-about-law-justice-1-scaled-1.jpg","keywords":["commissione europea","imballaggi","imballaggi in plastica","industria agroalimentare","Industria Italiana","plastica","PPWR","spreco","spreco alimentare","unione europea"],"articleSection":["Notizie"],"inLanguage":"en-US"},{"@type":"WebPage","@id":"https:\/\/profooditalia.it\/en\/notizie\/le-proposte-della-commissione-europea-sugli-imballaggi-preoccupano-lindustria-italiana\/","url":"https:\/\/profooditalia.it\/en\/notizie\/le-proposte-della-commissione-europea-sugli-imballaggi-preoccupano-lindustria-italiana\/","name":"Le proposte della Commissione europea sugli imballaggi preoccupano l\u2019industria italiana - Pro Food","isPartOf":{"@id":"https:\/\/profooditalia.it\/en\/#website"},"primaryImageOfPage":{"@id":"https:\/\/profooditalia.it\/en\/notizie\/le-proposte-della-commissione-europea-sugli-imballaggi-preoccupano-lindustria-italiana\/#primaryimage"},"image":{"@id":"https:\/\/profooditalia.it\/en\/notizie\/le-proposte-della-commissione-europea-sugli-imballaggi-preoccupano-lindustria-italiana\/#primaryimage"},"thumbnailUrl":"https:\/\/profooditalia.it\/wp-content\/uploads\/2022\/12\/flag-european-union-wooden-judge-gavel-concept-picture-about-law-justice-1-scaled-1.jpg","datePublished":"2022-12-06T09:17:31+00:00","dateModified":"2025-07-23T13:45:29+00:00","description":"La Commissione europea ha pubblicato la nuova proposta di Regolamento sugli imballaggi e rifiuti da imballaggio di plastica. Proposte che sono penalizzanti per la filiera agroalimentare italiana.","breadcrumb":{"@id":"https:\/\/profooditalia.it\/en\/notizie\/le-proposte-della-commissione-europea-sugli-imballaggi-preoccupano-lindustria-italiana\/#breadcrumb"},"inLanguage":"en-US","potentialAction":[{"@type":"ReadAction","target":["https:\/\/profooditalia.it\/en\/notizie\/le-proposte-della-commissione-europea-sugli-imballaggi-preoccupano-lindustria-italiana\/"]}]},{"@type":"ImageObject","inLanguage":"en-US","@id":"https:\/\/profooditalia.it\/en\/notizie\/le-proposte-della-commissione-europea-sugli-imballaggi-preoccupano-lindustria-italiana\/#primaryimage","url":"https:\/\/profooditalia.it\/wp-content\/uploads\/2022\/12\/flag-european-union-wooden-judge-gavel-concept-picture-about-law-justice-1-scaled-1.jpg","contentUrl":"https:\/\/profooditalia.it\/wp-content\/uploads\/2022\/12\/flag-european-union-wooden-judge-gavel-concept-picture-about-law-justice-1-scaled-1.jpg","width":2560,"height":1707,"caption":"Pro Food Le proposte della Commissione europea sugli imballaggi preoccupano l\u2019industria italiana"},{"@type":"BreadcrumbList","@id":"https:\/\/profooditalia.it\/en\/notizie\/le-proposte-della-commissione-europea-sugli-imballaggi-preoccupano-lindustria-italiana\/#breadcrumb","itemListElement":[{"@type":"ListItem","position":1,"name":"Home","item":"https:\/\/profooditalia.it\/en\/home-page\/"},{"@type":"ListItem","position":2,"name":"Le proposte della Commissione europea sugli imballaggi preoccupano l\u2019industria italiana"}]},{"@type":"WebSite","@id":"https:\/\/profooditalia.it\/en\/#website","url":"https:\/\/profooditalia.it\/en\/","name":"Pro Food","description":"Gruppo produttori imballaggi per alimenti freschi","publisher":{"@id":"https:\/\/profooditalia.it\/en\/#organization"},"potentialAction":[{"@type":"SearchAction","target":{"@type":"EntryPoint","urlTemplate":"https:\/\/profooditalia.it\/en\/?s={search_term_string}"},"query-input":{"@type":"PropertyValueSpecification","valueRequired":true,"valueName":"search_term_string"}}],"inLanguage":"en-US"},{"@type":"Organization","@id":"https:\/\/profooditalia.it\/en\/#organization","name":"Pro Food","url":"https:\/\/profooditalia.it\/en\/","logo":{"@type":"ImageObject","inLanguage":"en-US","@id":"https:\/\/profooditalia.it\/en\/#\/schema\/logo\/image\/","url":"https:\/\/profooditalia.it\/wp-content\/uploads\/2025\/11\/pro-food-logo-trasp-512x512-1.png","contentUrl":"https:\/\/profooditalia.it\/wp-content\/uploads\/2025\/11\/pro-food-logo-trasp-512x512-1.png","width":512,"height":512,"caption":"Pro Food"},"image":{"@id":"https:\/\/profooditalia.it\/en\/#\/schema\/logo\/image\/"}},{"@type":"Person","@id":"https:\/\/profooditalia.it\/en\/#\/schema\/person\/7d2d18ed8e2802c31d608b6e40e7368a","name":"Lorenzo Segale"}]}},"_links":{"self":[{"href":"https:\/\/profooditalia.it\/en\/wp-json\/wp\/v2\/posts\/18772","targetHints":{"allow":["GET"]}}],"collection":[{"href":"https:\/\/profooditalia.it\/en\/wp-json\/wp\/v2\/posts"}],"about":[{"href":"https:\/\/profooditalia.it\/en\/wp-json\/wp\/v2\/types\/post"}],"author":[{"embeddable":true,"href":"https:\/\/profooditalia.it\/en\/wp-json\/wp\/v2\/users\/4"}],"replies":[{"embeddable":true,"href":"https:\/\/profooditalia.it\/en\/wp-json\/wp\/v2\/comments?post=18772"}],"version-history":[{"count":1,"href":"https:\/\/profooditalia.it\/en\/wp-json\/wp\/v2\/posts\/18772\/revisions"}],"predecessor-version":[{"id":19377,"href":"https:\/\/profooditalia.it\/en\/wp-json\/wp\/v2\/posts\/18772\/revisions\/19377"}],"wp:featuredmedia":[{"embeddable":true,"href":"https:\/\/profooditalia.it\/en\/wp-json\/wp\/v2\/media\/18778"}],"wp:attachment":[{"href":"https:\/\/profooditalia.it\/en\/wp-json\/wp\/v2\/media?parent=18772"}],"wp:term":[{"taxonomy":"category","embeddable":true,"href":"https:\/\/profooditalia.it\/en\/wp-json\/wp\/v2\/categories?post=18772"},{"taxonomy":"post_tag","embeddable":true,"href":"https:\/\/profooditalia.it\/en\/wp-json\/wp\/v2\/tags?post=18772"}],"curies":[{"name":"wp","href":"https:\/\/api.w.org\/{rel}","templated":true}]}}