{"id":18871,"date":"2023-05-16T12:47:13","date_gmt":"2023-05-16T10:47:13","guid":{"rendered":"https:\/\/profooditalia.it\/?p=18871"},"modified":"2025-07-23T15:45:28","modified_gmt":"2025-07-23T13:45:28","slug":"critiche-alla-proposta-europea-sugli-imballaggi-per-alimenti","status":"publish","type":"post","link":"https:\/\/profooditalia.it\/en\/notizie\/critiche-alla-proposta-europea-sugli-imballaggi-per-alimenti\/","title":{"rendered":"Critiche alla proposta europea sugli imballaggi per alimenti"},"content":{"rendered":"<div class=\"wpb-content-wrapper\"><p>[vc_row][vc_column][vc_column_text]In occasione della recente mostra Tuttofood, la Coldiretti ha espresso una grande preoccupazione circa le proposte di regolamentazione presentate dalla Commissione Europea (PPWR, Packaging and Packaging Waste Regulations): <em>&#8220;Il nuovo regolamento europeo sugli imballaggi rischia di cancellare dagli scaffali dei supermercati l&#8217;insalata in busta, i cestini di fragole, le confezioni di pomodorini e le arance in rete ma anche le bottiglie magnum di vino con un effetto dirompente sulle abitudini di consumo degli italiani e sui bilanci delle aziende agroalimentari&#8221;.<\/em><\/p>\n<p>Lo stesso tema \u00e8 stato recentemente dibattuto in occasione della fiera Macfrut durante la tavola rotonda cui hanno partecipato tutti i protagonisti della filiera ortofrutticola: dai produttori di ortofrutta, ai distributori, dai ricercatori ai docenti di scienza alimentare, dai rappresentanti della grande distribuzione ai politici, dalle istituzioni al consorzio dei riciclatori. Tutti gli attori. della filiera hanno espresso univocamente la stessa posizione: le misure proposte dalla Commissione Europea non sono efficaci rispetto all\u2019obiettivo di ridurre l\u2019impatto ambientale e penalizzano fortemente l\u2019Italia.[\/vc_column_text][vc_separator color=&#8221;white&#8221;][vc_column_text]<\/p>\n<h5><strong>Imballaggio riutilizzabile versus monouso: vince il monouso<\/strong><\/h5>\n<p>[\/vc_column_text][vc_separator color=&#8221;white&#8221;][vc_column_text]Le argomentazioni sono numerose: l\u2019eliminazione degli imballaggi per ortofrutta aumenterebbe lo spreco alimentare e relativo impatto ambientale e problemi di gestione e distribuzione di frutta e verdura lungo tutta la filiera fino al consumatore finale. La riduzione degli imballaggi monouso nel settore HORECA a favore di contenitori riutilizzabili pu\u00f2 risultare sconveniente in termini organizzativi, di tempo e comodit\u00e0 per non parlare dei problemi igienici e di sicurezza alimentare che ci\u00f2 comporterebbe. Uno studio pubblicato dalla societ\u00e0 di consulenza Kerney boccia la soluzione di imballaggi riutilizzabili per la ristorazione commerciale poich\u00e9 questi avrebbero un effetto negativo sull\u2019ambiente dovuto al consumo energetico e idrico per i lavaggi (argomento particolarmente sensibile alla luce dell\u2019incalzante siccit\u00e0), all\u2019emissione di gas serra e all\u2019impatto negativo sull\u2019esperienza dei consumatori con un aumento dei rischi per la sicurezza alimentare.[\/vc_column_text][vc_separator color=&#8221;white&#8221;][vc_column_text]<\/p>\n<h5><strong>I molti valori dell\u2019imballaggio in plastica<\/strong><\/h5>\n<p>[\/vc_column_text][vc_separator color=&#8221;white&#8221;][vc_column_text]Le proposte europee non sembrano tenere conto dei valori dell\u2019imballaggio, in particolare di quello in plastica che assolve numerosi compiti di protezione, conservazione, igiene, facilit\u00e0 dei trasporti. Grazie all\u2019imballaggio le famiglie non sono pi\u00f9 costrette alla spesa quotidiana di prodotti sfusi che sono soggetti a un rapido deterioramento. Infatti uno dei vantaggi importanti dell\u2019imballaggio \u00e8 il contrasto allo spreco alimentare che impatta negativamente su ambiente ed economia.[\/vc_column_text][vc_separator color=&#8221;white&#8221;][vc_column_text]<\/p>\n<h5><strong>La maggior parte degli imballaggi \u00e8 prodotta con plastica riciclata<\/strong><\/h5>\n<p>[\/vc_column_text][vc_separator color=&#8221;white&#8221;][vc_column_text]Le proposte UE danneggiano l\u2019Italia per molti motivi uno dei quali \u00e8 rappresentato dai grandi progressi che il nostro Paese ha fatto nel campo del riciclo. L\u2019Italia \u00e8 un leader in Europa per la quantit\u00e0 di imballaggi in plastica avviati a riciclo (nel 2021 sono stati riciclati oltre 722mila tonnellate di imballaggi in plastica con un aumento del 10% rispetto all\u2019anno precedente) e dell\u2019utilizzo di materia plastica riciclata per produrre bottiglie, vaschette e imballaggi in genere, che in questi anni ha registrato una crescita rapidissima. Il 20% di tutti gli oggetti in plastica realizzati in Italia \u00e8 prodotto con materia riciclata e questa componente \u00e8 assai pi\u00f9 rilevante quando si parla di imballaggi in PET per ortofrutta che ne contengono mediamente il 70%. Penalizzare l\u2019industria del riciclo risulta inoltre contradditorio rispetto agli obiettivi di circolarit\u00e0 posti dalla stessa Unione Europea.[\/vc_column_text][\/vc_column][\/vc_row][vc_row][vc_column][\/vc_column][\/vc_row]<\/p>\n<\/div>","protected":false},"excerpt":{"rendered":"<p>L\u2019imballaggio in plastica per alimenti protegge, conserva, garantisce igiene e sicurezza e facilita il trasporto. Grazie all\u2019imballaggio le famiglie non sono costrette alla spesa quotidiana di prodotti sfusi che sono soggetti a un rapido deterioramento. Ma non solo&#8230;<\/p>\n","protected":false},"author":4,"featured_media":18878,"comment_status":"closed","ping_status":"closed","sticky":false,"template":"","format":"standard","meta":{"_acf_changed":false,"footnotes":""},"categories":[1],"tags":[110,111,67,84,68,51,30,112,109,34,97,70,113,98,102],"class_list":["post-18871","post","type-post","status-publish","format-standard","has-post-thumbnail","hentry","category-notizie","tag-coldiretti","tag-horeca","tag-imballaggi","tag-imballaggi-in-plastica","tag-italia","tag-macfrut","tag-packaging","tag-packaging-and-packaging-waste-regulations","tag-packaging-waste-revolution","tag-plastica","tag-ppwr","tag-riciclo","tag-tuttofood","tag-unione-europea","tag-waste"],"acf":[],"yoast_head":"<!-- This site is optimized with the Yoast SEO plugin v27.1.1 - https:\/\/yoast.com\/product\/yoast-seo-wordpress\/ -->\n<title>Critiche alla proposta europea sugli imballaggi per alimenti - Pro Food<\/title>\n<meta name=\"description\" content=\"L\u2019imballaggio in plastica per alimenti protegge, conserva, garantisce igiene e sicurezza e facilita il trasporto. Scopri di pi\u00f9!\" \/>\n<meta name=\"robots\" content=\"index, follow, max-snippet:-1, max-image-preview:large, max-video-preview:-1\" \/>\n<link rel=\"canonical\" href=\"https:\/\/profooditalia.it\/en\/notizie\/critiche-alla-proposta-europea-sugli-imballaggi-per-alimenti\/\" \/>\n<meta property=\"og:locale\" content=\"en_US\" \/>\n<meta property=\"og:type\" content=\"article\" \/>\n<meta property=\"og:title\" content=\"Critiche alla proposta europea sugli imballaggi per alimenti - Pro Food\" \/>\n<meta property=\"og:description\" content=\"L\u2019imballaggio in plastica per alimenti protegge, conserva, garantisce igiene e sicurezza e facilita il trasporto. Scopri di pi\u00f9!\" \/>\n<meta property=\"og:url\" content=\"https:\/\/profooditalia.it\/en\/notizie\/critiche-alla-proposta-europea-sugli-imballaggi-per-alimenti\/\" \/>\n<meta property=\"og:site_name\" content=\"Pro Food\" \/>\n<meta property=\"article:published_time\" content=\"2023-05-16T10:47:13+00:00\" \/>\n<meta property=\"article:modified_time\" content=\"2025-07-23T13:45:28+00:00\" \/>\n<meta property=\"og:image\" content=\"https:\/\/profooditalia.it\/wp-content\/uploads\/2023\/05\/AdobeStock_164625524-scaled-1.jpeg\" \/>\n\t<meta property=\"og:image:width\" content=\"2560\" \/>\n\t<meta property=\"og:image:height\" content=\"1709\" \/>\n\t<meta property=\"og:image:type\" content=\"image\/jpeg\" \/>\n<meta name=\"author\" content=\"Lorenzo Segale\" \/>\n<meta name=\"twitter:card\" content=\"summary_large_image\" \/>\n<meta name=\"twitter:label1\" content=\"Written by\" \/>\n\t<meta name=\"twitter:data1\" content=\"Lorenzo Segale\" \/>\n\t<meta name=\"twitter:label2\" content=\"Est. reading time\" \/>\n\t<meta name=\"twitter:data2\" content=\"3 minutes\" \/>\n<script type=\"application\/ld+json\" class=\"yoast-schema-graph\">{\"@context\":\"https:\/\/schema.org\",\"@graph\":[{\"@type\":\"Article\",\"@id\":\"https:\/\/profooditalia.it\/en\/notizie\/critiche-alla-proposta-europea-sugli-imballaggi-per-alimenti\/#article\",\"isPartOf\":{\"@id\":\"https:\/\/profooditalia.it\/en\/notizie\/critiche-alla-proposta-europea-sugli-imballaggi-per-alimenti\/\"},\"author\":{\"name\":\"Lorenzo Segale\",\"@id\":\"https:\/\/profooditalia.it\/en\/#\/schema\/person\/7d2d18ed8e2802c31d608b6e40e7368a\"},\"headline\":\"Critiche alla proposta europea sugli imballaggi per alimenti\",\"datePublished\":\"2023-05-16T10:47:13+00:00\",\"dateModified\":\"2025-07-23T13:45:28+00:00\",\"mainEntityOfPage\":{\"@id\":\"https:\/\/profooditalia.it\/en\/notizie\/critiche-alla-proposta-europea-sugli-imballaggi-per-alimenti\/\"},\"wordCount\":620,\"publisher\":{\"@id\":\"https:\/\/profooditalia.it\/en\/#organization\"},\"image\":{\"@id\":\"https:\/\/profooditalia.it\/en\/notizie\/critiche-alla-proposta-europea-sugli-imballaggi-per-alimenti\/#primaryimage\"},\"thumbnailUrl\":\"https:\/\/profooditalia.it\/wp-content\/uploads\/2023\/05\/AdobeStock_164625524-scaled-1.jpeg\",\"keywords\":[\"coldiretti\",\"horeca\",\"imballaggi\",\"imballaggi in plastica\",\"italia\",\"macfrut\",\"packaging\",\"Packaging and packaging waste regulations\",\"packaging waste revolution\",\"plastica\",\"PPWR\",\"riciclo\",\"tuttofood\",\"unione europea\",\"waste\"],\"articleSection\":[\"Notizie\"],\"inLanguage\":\"en-US\"},{\"@type\":\"WebPage\",\"@id\":\"https:\/\/profooditalia.it\/en\/notizie\/critiche-alla-proposta-europea-sugli-imballaggi-per-alimenti\/\",\"url\":\"https:\/\/profooditalia.it\/en\/notizie\/critiche-alla-proposta-europea-sugli-imballaggi-per-alimenti\/\",\"name\":\"Critiche alla proposta europea sugli imballaggi per alimenti - Pro Food\",\"isPartOf\":{\"@id\":\"https:\/\/profooditalia.it\/en\/#website\"},\"primaryImageOfPage\":{\"@id\":\"https:\/\/profooditalia.it\/en\/notizie\/critiche-alla-proposta-europea-sugli-imballaggi-per-alimenti\/#primaryimage\"},\"image\":{\"@id\":\"https:\/\/profooditalia.it\/en\/notizie\/critiche-alla-proposta-europea-sugli-imballaggi-per-alimenti\/#primaryimage\"},\"thumbnailUrl\":\"https:\/\/profooditalia.it\/wp-content\/uploads\/2023\/05\/AdobeStock_164625524-scaled-1.jpeg\",\"datePublished\":\"2023-05-16T10:47:13+00:00\",\"dateModified\":\"2025-07-23T13:45:28+00:00\",\"description\":\"L\u2019imballaggio in plastica per alimenti protegge, conserva, garantisce igiene e sicurezza e facilita il trasporto. Scopri di pi\u00f9!\",\"breadcrumb\":{\"@id\":\"https:\/\/profooditalia.it\/en\/notizie\/critiche-alla-proposta-europea-sugli-imballaggi-per-alimenti\/#breadcrumb\"},\"inLanguage\":\"en-US\",\"potentialAction\":[{\"@type\":\"ReadAction\",\"target\":[\"https:\/\/profooditalia.it\/en\/notizie\/critiche-alla-proposta-europea-sugli-imballaggi-per-alimenti\/\"]}]},{\"@type\":\"ImageObject\",\"inLanguage\":\"en-US\",\"@id\":\"https:\/\/profooditalia.it\/en\/notizie\/critiche-alla-proposta-europea-sugli-imballaggi-per-alimenti\/#primaryimage\",\"url\":\"https:\/\/profooditalia.it\/wp-content\/uploads\/2023\/05\/AdobeStock_164625524-scaled-1.jpeg\",\"contentUrl\":\"https:\/\/profooditalia.it\/wp-content\/uploads\/2023\/05\/AdobeStock_164625524-scaled-1.jpeg\",\"width\":2560,\"height\":1709},{\"@type\":\"BreadcrumbList\",\"@id\":\"https:\/\/profooditalia.it\/en\/notizie\/critiche-alla-proposta-europea-sugli-imballaggi-per-alimenti\/#breadcrumb\",\"itemListElement\":[{\"@type\":\"ListItem\",\"position\":1,\"name\":\"Home\",\"item\":\"https:\/\/profooditalia.it\/en\/home-page\/\"},{\"@type\":\"ListItem\",\"position\":2,\"name\":\"Critiche alla proposta europea sugli imballaggi per alimenti\"}]},{\"@type\":\"WebSite\",\"@id\":\"https:\/\/profooditalia.it\/en\/#website\",\"url\":\"https:\/\/profooditalia.it\/en\/\",\"name\":\"Pro Food\",\"description\":\"Gruppo produttori imballaggi per alimenti freschi\",\"publisher\":{\"@id\":\"https:\/\/profooditalia.it\/en\/#organization\"},\"potentialAction\":[{\"@type\":\"SearchAction\",\"target\":{\"@type\":\"EntryPoint\",\"urlTemplate\":\"https:\/\/profooditalia.it\/en\/?s={search_term_string}\"},\"query-input\":{\"@type\":\"PropertyValueSpecification\",\"valueRequired\":true,\"valueName\":\"search_term_string\"}}],\"inLanguage\":\"en-US\"},{\"@type\":\"Organization\",\"@id\":\"https:\/\/profooditalia.it\/en\/#organization\",\"name\":\"Pro Food\",\"url\":\"https:\/\/profooditalia.it\/en\/\",\"logo\":{\"@type\":\"ImageObject\",\"inLanguage\":\"en-US\",\"@id\":\"https:\/\/profooditalia.it\/en\/#\/schema\/logo\/image\/\",\"url\":\"https:\/\/profooditalia.it\/wp-content\/uploads\/2025\/11\/pro-food-logo-trasp-512x512-1.png\",\"contentUrl\":\"https:\/\/profooditalia.it\/wp-content\/uploads\/2025\/11\/pro-food-logo-trasp-512x512-1.png\",\"width\":512,\"height\":512,\"caption\":\"Pro Food\"},\"image\":{\"@id\":\"https:\/\/profooditalia.it\/en\/#\/schema\/logo\/image\/\"}},{\"@type\":\"Person\",\"@id\":\"https:\/\/profooditalia.it\/en\/#\/schema\/person\/7d2d18ed8e2802c31d608b6e40e7368a\",\"name\":\"Lorenzo Segale\"}]}<\/script>\n<!-- \/ Yoast SEO plugin. -->","yoast_head_json":{"title":"Critiche alla proposta europea sugli imballaggi per alimenti - Pro Food","description":"L\u2019imballaggio in plastica per alimenti protegge, conserva, garantisce igiene e sicurezza e facilita il trasporto. Scopri di pi\u00f9!","robots":{"index":"index","follow":"follow","max-snippet":"max-snippet:-1","max-image-preview":"max-image-preview:large","max-video-preview":"max-video-preview:-1"},"canonical":"https:\/\/profooditalia.it\/en\/notizie\/critiche-alla-proposta-europea-sugli-imballaggi-per-alimenti\/","og_locale":"en_US","og_type":"article","og_title":"Critiche alla proposta europea sugli imballaggi per alimenti - Pro Food","og_description":"L\u2019imballaggio in plastica per alimenti protegge, conserva, garantisce igiene e sicurezza e facilita il trasporto. Scopri di pi\u00f9!","og_url":"https:\/\/profooditalia.it\/en\/notizie\/critiche-alla-proposta-europea-sugli-imballaggi-per-alimenti\/","og_site_name":"Pro Food","article_published_time":"2023-05-16T10:47:13+00:00","article_modified_time":"2025-07-23T13:45:28+00:00","og_image":[{"width":2560,"height":1709,"url":"https:\/\/profooditalia.it\/wp-content\/uploads\/2023\/05\/AdobeStock_164625524-scaled-1.jpeg","type":"image\/jpeg"}],"author":"Lorenzo Segale","twitter_card":"summary_large_image","twitter_misc":{"Written by":"Lorenzo Segale","Est. reading time":"3 minutes"},"schema":{"@context":"https:\/\/schema.org","@graph":[{"@type":"Article","@id":"https:\/\/profooditalia.it\/en\/notizie\/critiche-alla-proposta-europea-sugli-imballaggi-per-alimenti\/#article","isPartOf":{"@id":"https:\/\/profooditalia.it\/en\/notizie\/critiche-alla-proposta-europea-sugli-imballaggi-per-alimenti\/"},"author":{"name":"Lorenzo Segale","@id":"https:\/\/profooditalia.it\/en\/#\/schema\/person\/7d2d18ed8e2802c31d608b6e40e7368a"},"headline":"Critiche alla proposta europea sugli imballaggi per alimenti","datePublished":"2023-05-16T10:47:13+00:00","dateModified":"2025-07-23T13:45:28+00:00","mainEntityOfPage":{"@id":"https:\/\/profooditalia.it\/en\/notizie\/critiche-alla-proposta-europea-sugli-imballaggi-per-alimenti\/"},"wordCount":620,"publisher":{"@id":"https:\/\/profooditalia.it\/en\/#organization"},"image":{"@id":"https:\/\/profooditalia.it\/en\/notizie\/critiche-alla-proposta-europea-sugli-imballaggi-per-alimenti\/#primaryimage"},"thumbnailUrl":"https:\/\/profooditalia.it\/wp-content\/uploads\/2023\/05\/AdobeStock_164625524-scaled-1.jpeg","keywords":["coldiretti","horeca","imballaggi","imballaggi in plastica","italia","macfrut","packaging","Packaging and packaging waste regulations","packaging waste revolution","plastica","PPWR","riciclo","tuttofood","unione europea","waste"],"articleSection":["Notizie"],"inLanguage":"en-US"},{"@type":"WebPage","@id":"https:\/\/profooditalia.it\/en\/notizie\/critiche-alla-proposta-europea-sugli-imballaggi-per-alimenti\/","url":"https:\/\/profooditalia.it\/en\/notizie\/critiche-alla-proposta-europea-sugli-imballaggi-per-alimenti\/","name":"Critiche alla proposta europea sugli imballaggi per alimenti - Pro Food","isPartOf":{"@id":"https:\/\/profooditalia.it\/en\/#website"},"primaryImageOfPage":{"@id":"https:\/\/profooditalia.it\/en\/notizie\/critiche-alla-proposta-europea-sugli-imballaggi-per-alimenti\/#primaryimage"},"image":{"@id":"https:\/\/profooditalia.it\/en\/notizie\/critiche-alla-proposta-europea-sugli-imballaggi-per-alimenti\/#primaryimage"},"thumbnailUrl":"https:\/\/profooditalia.it\/wp-content\/uploads\/2023\/05\/AdobeStock_164625524-scaled-1.jpeg","datePublished":"2023-05-16T10:47:13+00:00","dateModified":"2025-07-23T13:45:28+00:00","description":"L\u2019imballaggio in plastica per alimenti protegge, conserva, garantisce igiene e sicurezza e facilita il trasporto. Scopri di pi\u00f9!","breadcrumb":{"@id":"https:\/\/profooditalia.it\/en\/notizie\/critiche-alla-proposta-europea-sugli-imballaggi-per-alimenti\/#breadcrumb"},"inLanguage":"en-US","potentialAction":[{"@type":"ReadAction","target":["https:\/\/profooditalia.it\/en\/notizie\/critiche-alla-proposta-europea-sugli-imballaggi-per-alimenti\/"]}]},{"@type":"ImageObject","inLanguage":"en-US","@id":"https:\/\/profooditalia.it\/en\/notizie\/critiche-alla-proposta-europea-sugli-imballaggi-per-alimenti\/#primaryimage","url":"https:\/\/profooditalia.it\/wp-content\/uploads\/2023\/05\/AdobeStock_164625524-scaled-1.jpeg","contentUrl":"https:\/\/profooditalia.it\/wp-content\/uploads\/2023\/05\/AdobeStock_164625524-scaled-1.jpeg","width":2560,"height":1709},{"@type":"BreadcrumbList","@id":"https:\/\/profooditalia.it\/en\/notizie\/critiche-alla-proposta-europea-sugli-imballaggi-per-alimenti\/#breadcrumb","itemListElement":[{"@type":"ListItem","position":1,"name":"Home","item":"https:\/\/profooditalia.it\/en\/home-page\/"},{"@type":"ListItem","position":2,"name":"Critiche alla proposta europea sugli imballaggi per alimenti"}]},{"@type":"WebSite","@id":"https:\/\/profooditalia.it\/en\/#website","url":"https:\/\/profooditalia.it\/en\/","name":"Pro Food","description":"Gruppo produttori imballaggi per alimenti freschi","publisher":{"@id":"https:\/\/profooditalia.it\/en\/#organization"},"potentialAction":[{"@type":"SearchAction","target":{"@type":"EntryPoint","urlTemplate":"https:\/\/profooditalia.it\/en\/?s={search_term_string}"},"query-input":{"@type":"PropertyValueSpecification","valueRequired":true,"valueName":"search_term_string"}}],"inLanguage":"en-US"},{"@type":"Organization","@id":"https:\/\/profooditalia.it\/en\/#organization","name":"Pro Food","url":"https:\/\/profooditalia.it\/en\/","logo":{"@type":"ImageObject","inLanguage":"en-US","@id":"https:\/\/profooditalia.it\/en\/#\/schema\/logo\/image\/","url":"https:\/\/profooditalia.it\/wp-content\/uploads\/2025\/11\/pro-food-logo-trasp-512x512-1.png","contentUrl":"https:\/\/profooditalia.it\/wp-content\/uploads\/2025\/11\/pro-food-logo-trasp-512x512-1.png","width":512,"height":512,"caption":"Pro Food"},"image":{"@id":"https:\/\/profooditalia.it\/en\/#\/schema\/logo\/image\/"}},{"@type":"Person","@id":"https:\/\/profooditalia.it\/en\/#\/schema\/person\/7d2d18ed8e2802c31d608b6e40e7368a","name":"Lorenzo Segale"}]}},"_links":{"self":[{"href":"https:\/\/profooditalia.it\/en\/wp-json\/wp\/v2\/posts\/18871","targetHints":{"allow":["GET"]}}],"collection":[{"href":"https:\/\/profooditalia.it\/en\/wp-json\/wp\/v2\/posts"}],"about":[{"href":"https:\/\/profooditalia.it\/en\/wp-json\/wp\/v2\/types\/post"}],"author":[{"embeddable":true,"href":"https:\/\/profooditalia.it\/en\/wp-json\/wp\/v2\/users\/4"}],"replies":[{"embeddable":true,"href":"https:\/\/profooditalia.it\/en\/wp-json\/wp\/v2\/comments?post=18871"}],"version-history":[{"count":1,"href":"https:\/\/profooditalia.it\/en\/wp-json\/wp\/v2\/posts\/18871\/revisions"}],"predecessor-version":[{"id":19373,"href":"https:\/\/profooditalia.it\/en\/wp-json\/wp\/v2\/posts\/18871\/revisions\/19373"}],"wp:featuredmedia":[{"embeddable":true,"href":"https:\/\/profooditalia.it\/en\/wp-json\/wp\/v2\/media\/18878"}],"wp:attachment":[{"href":"https:\/\/profooditalia.it\/en\/wp-json\/wp\/v2\/media?parent=18871"}],"wp:term":[{"taxonomy":"category","embeddable":true,"href":"https:\/\/profooditalia.it\/en\/wp-json\/wp\/v2\/categories?post=18871"},{"taxonomy":"post_tag","embeddable":true,"href":"https:\/\/profooditalia.it\/en\/wp-json\/wp\/v2\/tags?post=18871"}],"curies":[{"name":"wp","href":"https:\/\/api.w.org\/{rel}","templated":true}]}}