{"id":18900,"date":"2023-07-10T15:31:25","date_gmt":"2023-07-10T13:31:25","guid":{"rendered":"https:\/\/profooditalia.it\/?p=18900"},"modified":"2025-07-23T15:45:28","modified_gmt":"2025-07-23T13:45:28","slug":"litalia-a-bruxelles-per-difendere-la-filiera-dellortofrutta","status":"publish","type":"post","link":"https:\/\/profooditalia.it\/en\/notizie\/litalia-a-bruxelles-per-difendere-la-filiera-dellortofrutta\/","title":{"rendered":"L\u2019Italia a Bruxelles per difendere la filiera dell\u2019ortofrutta"},"content":{"rendered":"<div class=\"wpb-content-wrapper\"><p>[vc_row][vc_column][vc_column_text]<strong>\u00a0<\/strong><strong>\u201cIl Valore del Packaging: sostenibilit\u00e0 e spreco alimentare\u201d \u00e8 il titolo del convegno che si \u00e8 tenuto il 4 luglio al Parlamento europeo a Bruxelles alla presenza di politici, parlamentari europei, giornalisti e istituzioni internazionali per dibattere della proposta sugli imballaggi della Commissione europea <\/strong><strong>PPWR \u2013 Packaging and Packaging Waste Regulation.<\/strong><\/p>\n<p><strong>Organizzato da Ortofrutta Italia, l\u2019organismo interprofessionale dell\u2019ortofrutta italiana, il convegno ha visto la partecipazione di Salvo Laudani di Freshfel Europe<\/strong>, <strong>Marzia Scopelliti<\/strong>, <strong>Responsabile relazioni esterne di Europen <\/strong>e di <strong>Mauro Salini, Presidente di Pro Food Italia.<\/strong>[\/vc_column_text][vc_separator color=&#8221;white&#8221;][vc_column_text]<strong>Massimiliano Del Core, presidente di Ortofrutta Italia, <\/strong>ha aperto il convegno dichiarando che l\u2019obiettivo \u00e8 quello di rappresentare le posizioni delle componenti della filiera ortofrutticola<strong>. <\/strong>\u201c<em>Con questa iniziativa Ortofrutta Italia ha portato il punto di vista della filiera a Bruxelles, per richiamare la assoluta necessit\u00e0 di sostegno politico e istituzionale, fin qui per altro ampiamente dimostrato dai nostri rappresentati a Bruxelles, per modificare l\u2019approccio da cui si \u00e8 partiti nel redigere il regolamento sul packaging in ortofrutta: un approccio a nostro avviso carente di un vero <strong>LCA<\/strong> che ne comprovi l\u2019efficacia, estremamente penalizzante per una filiera importante per il nostro sistema paese, e per tutta l\u2019agricoltura europea. <strong>L\u2019imballaggio \u00e8 uno strumento e un supporto per creare valore e difendere il prodotto, nonch\u00e9 per prevenire lo spreco alimentare e garantire tracciabilit\u00e0 e sicurezza dei prodotti,<\/strong> e non \u00e8 poco. <strong>Il nostro paese \u00e8 all\u2019avanguardia per le tecniche e i processi di riciclo del materiale plastico<\/strong> ed in assenza di materiali veramente alternativi, riteniamo che Plastic Free senza se e senza ma non sia una scelta realmente a garanzia della sostenibilit\u00e0 allo stato attuale. Plastic Waste Free potrebbe essere una risposta e una soluzione virtuosa e percorribile, a vantaggio di tutto il sistema, del consumatore, delle comunit\u00e0 e dell\u2019ambiente del nostro prezioso pianeta.<\/em>[\/vc_column_text][vc_separator color=&#8221;white&#8221;][vc_column_text]<strong>Marco Salini Presidente di Pro Food<\/strong> ha manifestato le preoccupazioni dell\u2019industria del packaging, sottolineando che il PPWR cos\u00ec come \u00e8 formulato ha impatti molto negativi per l\u2019industria ma anche per l\u2019ambiente e i consumatori. \u201c<em>Noi condividiamo gli obiettivi di base della PPWR ma vogliamo esprimere le nostre preoccupazioni sulle conseguenze del testo originale che non va nella direzione giusta per il raggiungimento degli obiettivi. <strong>Tra le altre cose, prevede il divieto di imballaggi che la bozza stessa reputa \u2018virtuosi\u2019 per via dell\u2019alto contenuto di materia prima riciclata. <\/strong>Speriamo nell\u2019ascolto degli eurodeputati chiamati a modificare il testo con la speranza che possano renderlo pi\u00f9 realistico con scelte fatte sulla base di evidenze scientifiche e non ideologiche\u201d.<\/em>[\/vc_column_text][vc_separator color=&#8221;white&#8221;][vc_column_text]<strong>Anche l\u2019europarlamentare Salvatore Di Meo <\/strong>ha espresso critiche al PPRW: <em>\u201cGli obiettivi della proposta sugli imballaggi sono condivisibili, ma non possiamo accettare che l\u2019Europa che finora ci ha spinto verso la filiera del riciclo, dove l\u2019Italia ha raggiunto risultati straordinari, oggi con la proposta PPWR ci porti verso il riutilizzo senza tenere in considerazione elementi come igienicit\u00e0, tracciabilit\u00e0, spreco alimentare, conservazione di un prodotto che, specialmente nell\u2019ortofrutta, ne risentirebbe<\/em> molto\u201d.[\/vc_column_text][vc_separator color=&#8221;white&#8221;][vc_column_text]<strong>Fra i relatori anche Marzia Scopelliti di<\/strong> <strong>Europen<\/strong> che ha ribadito che gli imballaggi sono una parte integrante di diverse industrie fondamentali, come il comparto ortofrutticolo, ed \u00e8 quindi fondamentale che il regolamento ne riconosca le funzionalit\u00e0 per costruire cos\u00ec un quadro normativo ancorato all\u2019evidenza scientifica in grado di bilanciare gli obiettivi di sostenibilit\u00e0 ambientale con la necessit\u00e0 di preservare la sicurezza alimentare e creare un sistema alimentare europeo pi\u00f9 resiliente.[\/vc_column_text][vc_separator color=&#8221;white&#8221;][vc_single_image image=&#8221;18903&#8243; img_size=&#8221;large&#8221;][\/vc_column][\/vc_row][vc_row][vc_column][\/vc_column][\/vc_row]<\/p>\n<\/div>","protected":false},"excerpt":{"rendered":"<p>\u201cIl Valore del Packaging: sostenibilit\u00e0 e spreco alimentare\u201d \u00e8 il titolo del convegno che si \u00e8 tenuto il 4 luglio al Parlamento europeo a Bruxelles alla presenza di politici, parlamentari europei, giornalisti e istituzioni internazionali per dibattere della proposta sugli imballaggi della Commissione europea<br \/>\nPPWR \u2013 Packaging and Packaging Waste Regulation.<\/p>\n","protected":false},"author":4,"featured_media":18908,"comment_status":"closed","ping_status":"closed","sticky":false,"template":"","format":"standard","meta":{"_acf_changed":false,"footnotes":""},"categories":[1],"tags":[114,67,84,68,51,115,30,112,109,116,34,97,70,98,102],"class_list":["post-18900","post","type-post","status-publish","format-standard","has-post-thumbnail","hentry","category-notizie","tag-bruxelles","tag-imballaggi","tag-imballaggi-in-plastica","tag-italia","tag-macfrut","tag-ortofrutta","tag-packaging","tag-packaging-and-packaging-waste-regulations","tag-packaging-waste-revolution","tag-parlamento-europeo","tag-plastica","tag-ppwr","tag-riciclo","tag-unione-europea","tag-waste"],"acf":[],"yoast_head":"<!-- This site is optimized with the Yoast SEO plugin v27.1.1 - https:\/\/yoast.com\/product\/yoast-seo-wordpress\/ -->\n<title>L\u2019Italia a Bruxelles per difendere la filiera dell\u2019ortofrutta - Pro Food<\/title>\n<meta name=\"description\" content=\"\u201cIl Valore del Packaging: sostenibilit\u00e0 e spreco alimentare\u201d \u00e8 il titolo del convegno tenutosi al Parlamento europeo per dibattere del PPWR\" \/>\n<meta name=\"robots\" content=\"index, follow, max-snippet:-1, max-image-preview:large, max-video-preview:-1\" \/>\n<link rel=\"canonical\" href=\"https:\/\/profooditalia.it\/en\/notizie\/litalia-a-bruxelles-per-difendere-la-filiera-dellortofrutta\/\" \/>\n<meta property=\"og:locale\" content=\"en_US\" \/>\n<meta property=\"og:type\" content=\"article\" \/>\n<meta property=\"og:title\" content=\"L\u2019Italia a Bruxelles per difendere la filiera dell\u2019ortofrutta - Pro Food\" \/>\n<meta property=\"og:description\" content=\"\u201cIl Valore del Packaging: sostenibilit\u00e0 e spreco alimentare\u201d \u00e8 il titolo del convegno tenutosi al Parlamento europeo per dibattere del PPWR\" \/>\n<meta property=\"og:url\" content=\"https:\/\/profooditalia.it\/en\/notizie\/litalia-a-bruxelles-per-difendere-la-filiera-dellortofrutta\/\" \/>\n<meta property=\"og:site_name\" content=\"Pro Food\" \/>\n<meta property=\"article:published_time\" content=\"2023-07-10T13:31:25+00:00\" \/>\n<meta property=\"article:modified_time\" content=\"2025-07-23T13:45:28+00:00\" \/>\n<meta property=\"og:image\" content=\"https:\/\/profooditalia.it\/wp-content\/uploads\/2023\/07\/Schermata-2023-07-10-alle-17.32.56.png\" \/>\n\t<meta property=\"og:image:width\" content=\"824\" \/>\n\t<meta property=\"og:image:height\" content=\"832\" \/>\n\t<meta property=\"og:image:type\" content=\"image\/png\" \/>\n<meta name=\"author\" content=\"Lorenzo Segale\" \/>\n<meta name=\"twitter:card\" content=\"summary_large_image\" \/>\n<meta name=\"twitter:label1\" content=\"Written by\" \/>\n\t<meta name=\"twitter:data1\" content=\"Lorenzo Segale\" \/>\n\t<meta name=\"twitter:label2\" content=\"Est. reading time\" \/>\n\t<meta name=\"twitter:data2\" content=\"3 minutes\" \/>\n<script type=\"application\/ld+json\" class=\"yoast-schema-graph\">{\"@context\":\"https:\/\/schema.org\",\"@graph\":[{\"@type\":\"Article\",\"@id\":\"https:\/\/profooditalia.it\/en\/notizie\/litalia-a-bruxelles-per-difendere-la-filiera-dellortofrutta\/#article\",\"isPartOf\":{\"@id\":\"https:\/\/profooditalia.it\/en\/notizie\/litalia-a-bruxelles-per-difendere-la-filiera-dellortofrutta\/\"},\"author\":{\"name\":\"Lorenzo Segale\",\"@id\":\"https:\/\/profooditalia.it\/en\/#\/schema\/person\/7d2d18ed8e2802c31d608b6e40e7368a\"},\"headline\":\"L\u2019Italia a Bruxelles per difendere la filiera dell\u2019ortofrutta\",\"datePublished\":\"2023-07-10T13:31:25+00:00\",\"dateModified\":\"2025-07-23T13:45:28+00:00\",\"mainEntityOfPage\":{\"@id\":\"https:\/\/profooditalia.it\/en\/notizie\/litalia-a-bruxelles-per-difendere-la-filiera-dellortofrutta\/\"},\"wordCount\":645,\"publisher\":{\"@id\":\"https:\/\/profooditalia.it\/en\/#organization\"},\"image\":{\"@id\":\"https:\/\/profooditalia.it\/en\/notizie\/litalia-a-bruxelles-per-difendere-la-filiera-dellortofrutta\/#primaryimage\"},\"thumbnailUrl\":\"https:\/\/profooditalia.it\/wp-content\/uploads\/2023\/07\/Schermata-2023-07-10-alle-17.32.56.png\",\"keywords\":[\"bruxelles\",\"imballaggi\",\"imballaggi in plastica\",\"italia\",\"macfrut\",\"ortofrutta\",\"packaging\",\"Packaging and packaging waste regulations\",\"packaging waste revolution\",\"parlamento europeo\",\"plastica\",\"PPWR\",\"riciclo\",\"unione europea\",\"waste\"],\"articleSection\":[\"Notizie\"],\"inLanguage\":\"en-US\"},{\"@type\":\"WebPage\",\"@id\":\"https:\/\/profooditalia.it\/en\/notizie\/litalia-a-bruxelles-per-difendere-la-filiera-dellortofrutta\/\",\"url\":\"https:\/\/profooditalia.it\/en\/notizie\/litalia-a-bruxelles-per-difendere-la-filiera-dellortofrutta\/\",\"name\":\"L\u2019Italia a Bruxelles per difendere la filiera dell\u2019ortofrutta - Pro Food\",\"isPartOf\":{\"@id\":\"https:\/\/profooditalia.it\/en\/#website\"},\"primaryImageOfPage\":{\"@id\":\"https:\/\/profooditalia.it\/en\/notizie\/litalia-a-bruxelles-per-difendere-la-filiera-dellortofrutta\/#primaryimage\"},\"image\":{\"@id\":\"https:\/\/profooditalia.it\/en\/notizie\/litalia-a-bruxelles-per-difendere-la-filiera-dellortofrutta\/#primaryimage\"},\"thumbnailUrl\":\"https:\/\/profooditalia.it\/wp-content\/uploads\/2023\/07\/Schermata-2023-07-10-alle-17.32.56.png\",\"datePublished\":\"2023-07-10T13:31:25+00:00\",\"dateModified\":\"2025-07-23T13:45:28+00:00\",\"description\":\"\u201cIl Valore del Packaging: sostenibilit\u00e0 e spreco alimentare\u201d \u00e8 il titolo del convegno tenutosi al Parlamento europeo per dibattere del PPWR\",\"breadcrumb\":{\"@id\":\"https:\/\/profooditalia.it\/en\/notizie\/litalia-a-bruxelles-per-difendere-la-filiera-dellortofrutta\/#breadcrumb\"},\"inLanguage\":\"en-US\",\"potentialAction\":[{\"@type\":\"ReadAction\",\"target\":[\"https:\/\/profooditalia.it\/en\/notizie\/litalia-a-bruxelles-per-difendere-la-filiera-dellortofrutta\/\"]}]},{\"@type\":\"ImageObject\",\"inLanguage\":\"en-US\",\"@id\":\"https:\/\/profooditalia.it\/en\/notizie\/litalia-a-bruxelles-per-difendere-la-filiera-dellortofrutta\/#primaryimage\",\"url\":\"https:\/\/profooditalia.it\/wp-content\/uploads\/2023\/07\/Schermata-2023-07-10-alle-17.32.56.png\",\"contentUrl\":\"https:\/\/profooditalia.it\/wp-content\/uploads\/2023\/07\/Schermata-2023-07-10-alle-17.32.56.png\",\"width\":824,\"height\":832},{\"@type\":\"BreadcrumbList\",\"@id\":\"https:\/\/profooditalia.it\/en\/notizie\/litalia-a-bruxelles-per-difendere-la-filiera-dellortofrutta\/#breadcrumb\",\"itemListElement\":[{\"@type\":\"ListItem\",\"position\":1,\"name\":\"Home\",\"item\":\"https:\/\/profooditalia.it\/en\/home-page\/\"},{\"@type\":\"ListItem\",\"position\":2,\"name\":\"L\u2019Italia a Bruxelles per difendere la filiera dell\u2019ortofrutta\"}]},{\"@type\":\"WebSite\",\"@id\":\"https:\/\/profooditalia.it\/en\/#website\",\"url\":\"https:\/\/profooditalia.it\/en\/\",\"name\":\"Pro Food\",\"description\":\"Gruppo produttori imballaggi per alimenti freschi\",\"publisher\":{\"@id\":\"https:\/\/profooditalia.it\/en\/#organization\"},\"potentialAction\":[{\"@type\":\"SearchAction\",\"target\":{\"@type\":\"EntryPoint\",\"urlTemplate\":\"https:\/\/profooditalia.it\/en\/?s={search_term_string}\"},\"query-input\":{\"@type\":\"PropertyValueSpecification\",\"valueRequired\":true,\"valueName\":\"search_term_string\"}}],\"inLanguage\":\"en-US\"},{\"@type\":\"Organization\",\"@id\":\"https:\/\/profooditalia.it\/en\/#organization\",\"name\":\"Pro Food\",\"url\":\"https:\/\/profooditalia.it\/en\/\",\"logo\":{\"@type\":\"ImageObject\",\"inLanguage\":\"en-US\",\"@id\":\"https:\/\/profooditalia.it\/en\/#\/schema\/logo\/image\/\",\"url\":\"https:\/\/profooditalia.it\/wp-content\/uploads\/2025\/11\/pro-food-logo-trasp-512x512-1.png\",\"contentUrl\":\"https:\/\/profooditalia.it\/wp-content\/uploads\/2025\/11\/pro-food-logo-trasp-512x512-1.png\",\"width\":512,\"height\":512,\"caption\":\"Pro Food\"},\"image\":{\"@id\":\"https:\/\/profooditalia.it\/en\/#\/schema\/logo\/image\/\"}},{\"@type\":\"Person\",\"@id\":\"https:\/\/profooditalia.it\/en\/#\/schema\/person\/7d2d18ed8e2802c31d608b6e40e7368a\",\"name\":\"Lorenzo Segale\"}]}<\/script>\n<!-- \/ Yoast SEO plugin. -->","yoast_head_json":{"title":"L\u2019Italia a Bruxelles per difendere la filiera dell\u2019ortofrutta - Pro Food","description":"\u201cIl Valore del Packaging: sostenibilit\u00e0 e spreco alimentare\u201d \u00e8 il titolo del convegno tenutosi al Parlamento europeo per dibattere del PPWR","robots":{"index":"index","follow":"follow","max-snippet":"max-snippet:-1","max-image-preview":"max-image-preview:large","max-video-preview":"max-video-preview:-1"},"canonical":"https:\/\/profooditalia.it\/en\/notizie\/litalia-a-bruxelles-per-difendere-la-filiera-dellortofrutta\/","og_locale":"en_US","og_type":"article","og_title":"L\u2019Italia a Bruxelles per difendere la filiera dell\u2019ortofrutta - Pro Food","og_description":"\u201cIl Valore del Packaging: sostenibilit\u00e0 e spreco alimentare\u201d \u00e8 il titolo del convegno tenutosi al Parlamento europeo per dibattere del PPWR","og_url":"https:\/\/profooditalia.it\/en\/notizie\/litalia-a-bruxelles-per-difendere-la-filiera-dellortofrutta\/","og_site_name":"Pro Food","article_published_time":"2023-07-10T13:31:25+00:00","article_modified_time":"2025-07-23T13:45:28+00:00","og_image":[{"width":824,"height":832,"url":"https:\/\/profooditalia.it\/wp-content\/uploads\/2023\/07\/Schermata-2023-07-10-alle-17.32.56.png","type":"image\/png"}],"author":"Lorenzo Segale","twitter_card":"summary_large_image","twitter_misc":{"Written by":"Lorenzo Segale","Est. reading time":"3 minutes"},"schema":{"@context":"https:\/\/schema.org","@graph":[{"@type":"Article","@id":"https:\/\/profooditalia.it\/en\/notizie\/litalia-a-bruxelles-per-difendere-la-filiera-dellortofrutta\/#article","isPartOf":{"@id":"https:\/\/profooditalia.it\/en\/notizie\/litalia-a-bruxelles-per-difendere-la-filiera-dellortofrutta\/"},"author":{"name":"Lorenzo Segale","@id":"https:\/\/profooditalia.it\/en\/#\/schema\/person\/7d2d18ed8e2802c31d608b6e40e7368a"},"headline":"L\u2019Italia a Bruxelles per difendere la filiera dell\u2019ortofrutta","datePublished":"2023-07-10T13:31:25+00:00","dateModified":"2025-07-23T13:45:28+00:00","mainEntityOfPage":{"@id":"https:\/\/profooditalia.it\/en\/notizie\/litalia-a-bruxelles-per-difendere-la-filiera-dellortofrutta\/"},"wordCount":645,"publisher":{"@id":"https:\/\/profooditalia.it\/en\/#organization"},"image":{"@id":"https:\/\/profooditalia.it\/en\/notizie\/litalia-a-bruxelles-per-difendere-la-filiera-dellortofrutta\/#primaryimage"},"thumbnailUrl":"https:\/\/profooditalia.it\/wp-content\/uploads\/2023\/07\/Schermata-2023-07-10-alle-17.32.56.png","keywords":["bruxelles","imballaggi","imballaggi in plastica","italia","macfrut","ortofrutta","packaging","Packaging and packaging waste regulations","packaging waste revolution","parlamento europeo","plastica","PPWR","riciclo","unione europea","waste"],"articleSection":["Notizie"],"inLanguage":"en-US"},{"@type":"WebPage","@id":"https:\/\/profooditalia.it\/en\/notizie\/litalia-a-bruxelles-per-difendere-la-filiera-dellortofrutta\/","url":"https:\/\/profooditalia.it\/en\/notizie\/litalia-a-bruxelles-per-difendere-la-filiera-dellortofrutta\/","name":"L\u2019Italia a Bruxelles per difendere la filiera dell\u2019ortofrutta - Pro Food","isPartOf":{"@id":"https:\/\/profooditalia.it\/en\/#website"},"primaryImageOfPage":{"@id":"https:\/\/profooditalia.it\/en\/notizie\/litalia-a-bruxelles-per-difendere-la-filiera-dellortofrutta\/#primaryimage"},"image":{"@id":"https:\/\/profooditalia.it\/en\/notizie\/litalia-a-bruxelles-per-difendere-la-filiera-dellortofrutta\/#primaryimage"},"thumbnailUrl":"https:\/\/profooditalia.it\/wp-content\/uploads\/2023\/07\/Schermata-2023-07-10-alle-17.32.56.png","datePublished":"2023-07-10T13:31:25+00:00","dateModified":"2025-07-23T13:45:28+00:00","description":"\u201cIl Valore del Packaging: sostenibilit\u00e0 e spreco alimentare\u201d \u00e8 il titolo del convegno tenutosi al Parlamento europeo per dibattere del PPWR","breadcrumb":{"@id":"https:\/\/profooditalia.it\/en\/notizie\/litalia-a-bruxelles-per-difendere-la-filiera-dellortofrutta\/#breadcrumb"},"inLanguage":"en-US","potentialAction":[{"@type":"ReadAction","target":["https:\/\/profooditalia.it\/en\/notizie\/litalia-a-bruxelles-per-difendere-la-filiera-dellortofrutta\/"]}]},{"@type":"ImageObject","inLanguage":"en-US","@id":"https:\/\/profooditalia.it\/en\/notizie\/litalia-a-bruxelles-per-difendere-la-filiera-dellortofrutta\/#primaryimage","url":"https:\/\/profooditalia.it\/wp-content\/uploads\/2023\/07\/Schermata-2023-07-10-alle-17.32.56.png","contentUrl":"https:\/\/profooditalia.it\/wp-content\/uploads\/2023\/07\/Schermata-2023-07-10-alle-17.32.56.png","width":824,"height":832},{"@type":"BreadcrumbList","@id":"https:\/\/profooditalia.it\/en\/notizie\/litalia-a-bruxelles-per-difendere-la-filiera-dellortofrutta\/#breadcrumb","itemListElement":[{"@type":"ListItem","position":1,"name":"Home","item":"https:\/\/profooditalia.it\/en\/home-page\/"},{"@type":"ListItem","position":2,"name":"L\u2019Italia a Bruxelles per difendere la filiera dell\u2019ortofrutta"}]},{"@type":"WebSite","@id":"https:\/\/profooditalia.it\/en\/#website","url":"https:\/\/profooditalia.it\/en\/","name":"Pro Food","description":"Gruppo produttori imballaggi per alimenti freschi","publisher":{"@id":"https:\/\/profooditalia.it\/en\/#organization"},"potentialAction":[{"@type":"SearchAction","target":{"@type":"EntryPoint","urlTemplate":"https:\/\/profooditalia.it\/en\/?s={search_term_string}"},"query-input":{"@type":"PropertyValueSpecification","valueRequired":true,"valueName":"search_term_string"}}],"inLanguage":"en-US"},{"@type":"Organization","@id":"https:\/\/profooditalia.it\/en\/#organization","name":"Pro Food","url":"https:\/\/profooditalia.it\/en\/","logo":{"@type":"ImageObject","inLanguage":"en-US","@id":"https:\/\/profooditalia.it\/en\/#\/schema\/logo\/image\/","url":"https:\/\/profooditalia.it\/wp-content\/uploads\/2025\/11\/pro-food-logo-trasp-512x512-1.png","contentUrl":"https:\/\/profooditalia.it\/wp-content\/uploads\/2025\/11\/pro-food-logo-trasp-512x512-1.png","width":512,"height":512,"caption":"Pro Food"},"image":{"@id":"https:\/\/profooditalia.it\/en\/#\/schema\/logo\/image\/"}},{"@type":"Person","@id":"https:\/\/profooditalia.it\/en\/#\/schema\/person\/7d2d18ed8e2802c31d608b6e40e7368a","name":"Lorenzo Segale"}]}},"_links":{"self":[{"href":"https:\/\/profooditalia.it\/en\/wp-json\/wp\/v2\/posts\/18900","targetHints":{"allow":["GET"]}}],"collection":[{"href":"https:\/\/profooditalia.it\/en\/wp-json\/wp\/v2\/posts"}],"about":[{"href":"https:\/\/profooditalia.it\/en\/wp-json\/wp\/v2\/types\/post"}],"author":[{"embeddable":true,"href":"https:\/\/profooditalia.it\/en\/wp-json\/wp\/v2\/users\/4"}],"replies":[{"embeddable":true,"href":"https:\/\/profooditalia.it\/en\/wp-json\/wp\/v2\/comments?post=18900"}],"version-history":[{"count":1,"href":"https:\/\/profooditalia.it\/en\/wp-json\/wp\/v2\/posts\/18900\/revisions"}],"predecessor-version":[{"id":19372,"href":"https:\/\/profooditalia.it\/en\/wp-json\/wp\/v2\/posts\/18900\/revisions\/19372"}],"wp:featuredmedia":[{"embeddable":true,"href":"https:\/\/profooditalia.it\/en\/wp-json\/wp\/v2\/media\/18908"}],"wp:attachment":[{"href":"https:\/\/profooditalia.it\/en\/wp-json\/wp\/v2\/media?parent=18900"}],"wp:term":[{"taxonomy":"category","embeddable":true,"href":"https:\/\/profooditalia.it\/en\/wp-json\/wp\/v2\/categories?post=18900"},{"taxonomy":"post_tag","embeddable":true,"href":"https:\/\/profooditalia.it\/en\/wp-json\/wp\/v2\/tags?post=18900"}],"curies":[{"name":"wp","href":"https:\/\/api.w.org\/{rel}","templated":true}]}}