{"id":18918,"date":"2023-09-19T14:35:18","date_gmt":"2023-09-19T12:35:18","guid":{"rendered":"https:\/\/profooditalia.it\/?p=18918"},"modified":"2025-07-23T15:45:27","modified_gmt":"2025-07-23T13:45:27","slug":"la-collaborazione-fra-lindustria-produttrice-di-imballaggi-in-plastica-e-gli-altri-attori-della-filiera-da-buoni-frutti","status":"publish","type":"post","link":"https:\/\/profooditalia.it\/en\/notizie\/la-collaborazione-fra-lindustria-produttrice-di-imballaggi-in-plastica-e-gli-altri-attori-della-filiera-da-buoni-frutti\/","title":{"rendered":"La collaborazione fra l\u2019industria produttrice di imballaggi in plastica e gli altri attori della filiera d\u00e0 buoni frutti"},"content":{"rendered":"<div class=\"wpb-content-wrapper\"><p>[vc_row][vc_column][vc_column_text]<strong>Un recente studio di Teh Ambrosetti rivela che fra il 2013 e il 2020 in Italia l\u2019attivit\u00e0 di riciclo della plastica \u00e8 risultata estremamente dinamica con un tasso di crescita del 40%. Ma il dato pi\u00f9 significativo \u00e8 il costante incremento dell\u2019utilizzo di plastica riciclata per la produzione di nuovi articoli che nel 2022 ha raggiunto il 21,5% di tutta la plastica impiegata della produzione di nuovi oggetti.<\/strong>[\/vc_column_text][vc_separator color=&#8221;white&#8221;][vc_column_text]<\/p>\n<h5><strong>Pro Food a favore dell\u2019economia circolare<\/strong><\/h5>\n<p>[\/vc_column_text][vc_separator color=&#8221;white&#8221;][vc_column_text]Questo risultato, che vede l\u2019Italia in una posizione di assoluta leadership in Europa (dove l\u2019impiego di plastica riciclata \u00e8 inferiore al 10%), \u00e8 frutto dell\u2019impegno di tutta la filiera e in particolare delle aziende produttrici di imballaggi aderenti a Pro Food che operano per rendere sempre pi\u00f9 sostenibili gli imballaggi in plastica attraverso l\u2019ecodesign e un utilizzo sempre pi\u00f9 ampio di polimeri riciclati. Ne \u00e8 un esempio r-XPS la prima vaschetta in polistirolo espanso realizzata con riciclato post consumo. r-XPS \u00e8 un risultato, primo in Europa, che premia lo sforzo congiunto delle aziende Pro Food, che hanno rivendicato il valore del polistirolo espanso e le sue elevate performance come contenitore di alimenti freschi, ma anche la collaborazione con altri attori della filiera, nel caso particolare con Versalis (gruppo Eni) e Corepla che hanno partecipato al progetto.[\/vc_column_text][vc_separator color=&#8221;white&#8221;][vc_separator color=&#8221;white&#8221;][vc_column_text]<\/p>\n<h5><strong>R-Hybrid il primo bicchiere per la distribuzione automatica realizzato con polistirene riciclato<\/strong><\/h5>\n<p>[\/vc_column_text][vc_separator color=&#8221;white&#8221;][vc_column_text]Fra gli ultimi nati provenienti dalla collaborazione fra l\u2019industria produttrice di imballaggi e il mondo della chimica verde \u00e8 il bicchiere <strong>R-Hybrid<\/strong> presentato da <strong>\u00a0Flo<\/strong> <strong>(del gruppo Pro Food<\/strong>) e <strong>Versalis (del gruppo Eni)<\/strong>. Si tratta del primo <strong>bicchiere<\/strong> per la distribuzione automatica realizzato con <strong>polistirene riciclato<\/strong> e a sua volta riciclabile. \u201cUn\u2019importante innovazione nel campo del Food Packaging, verso un sistema di riciclo pi\u00f9 virtuoso con un efficiente riutilizzo delle risorse\u201d, spiegano le due societ\u00e0. <strong>R-Hybrid, entrer\u00e0 sul mercato a partire da fine anno<\/strong> e andr\u00e0 a sostituire l\u2019Hybrid, l\u2019innovativo bicchiere con cui Flo ha gi\u00e0 rivoluzionato il mercato della distribuzione automatica: dal 2022 grazie a questa innovazione si sono gi\u00e0 risparmiate oltre 2.600 tonnellate di CO2.<\/p>\n<p>Il progetto \u2018R-Hybrid\u2019, condotto con Scs (Styrenics Circular Solution) e in stretta collaborazione con il Fraunhofer Institute, \u00e8 stato fondamentale per l\u2019istituzione di un consorzio di filiera focalizzato alla definizione di un protocollo per <strong>l\u2019utilizzo di polistirene riciclato nel packaging per alimenti<\/strong>. Si \u00e8 cos\u00ec arrivati a validare tutto il processo, dalla produzione del riciclato, alla definizione delle caratteristiche tecniche del multistrato fino al challenge test sul prodotto finito.[\/vc_column_text][vc_separator color=&#8221;white&#8221;][vc_single_image image=&#8221;18920&#8243; img_size=&#8221;large&#8221; alignment=&#8221;center&#8221;][\/vc_column][\/vc_row][vc_row][vc_column][\/vc_column][\/vc_row]<\/p>\n<\/div>","protected":false},"excerpt":{"rendered":"<p>La collaborazione dell\u2019industria produttrice di imballaggi in plastica con gli altri attori della filiera d\u00e0 buoni frutti. Dopo # r-XPS, la prima vaschetta in #polistirolo espanso realizzata con riciclato post consumo, nata dalla collaborazione fra le aziende del gruppo PRO FOOD e Versalis (del gruppo ENI) arriva il primo #bicchiere per la distribuzione automatica realizzato con polistirene #riciclato e a sua volta #riciclabile.<\/p>\n","protected":false},"author":4,"featured_media":18920,"comment_status":"closed","ping_status":"closed","sticky":false,"template":"","format":"standard","meta":{"_acf_changed":false,"footnotes":""},"categories":[1],"tags":[63,117,118,84,19,119,120,17,121,29],"class_list":["post-18918","post","type-post","status-publish","format-standard","has-post-thumbnail","hentry","category-notizie","tag-corepla","tag-eni","tag-food-packaging","tag-imballaggi-in-plastica","tag-imballaggi-plastica","tag-polistirene-riciclato","tag-r-hybrid","tag-r-xps","tag-teh-amrbosetti","tag-versalis"],"acf":[],"yoast_head":"<!-- This site is optimized with the Yoast SEO plugin v27.1.1 - https:\/\/yoast.com\/product\/yoast-seo-wordpress\/ -->\n<title>La collaborazione fra l\u2019industria produttrice di imballaggi in plastica e gli altri attori della filiera d\u00e0 buoni frutti - Pro Food<\/title>\n<meta name=\"description\" content=\"Dopo # r-XPS, la prima vaschetta in #polistirolo espanso realizzata con riciclato post consumo, arriva il primo #bicchiere per la distribuzione automatica.\" \/>\n<meta name=\"robots\" content=\"index, follow, max-snippet:-1, max-image-preview:large, max-video-preview:-1\" \/>\n<link rel=\"canonical\" href=\"https:\/\/profooditalia.it\/en\/notizie\/la-collaborazione-fra-lindustria-produttrice-di-imballaggi-in-plastica-e-gli-altri-attori-della-filiera-da-buoni-frutti\/\" \/>\n<meta property=\"og:locale\" content=\"en_US\" \/>\n<meta property=\"og:type\" content=\"article\" \/>\n<meta property=\"og:title\" content=\"La collaborazione fra l\u2019industria produttrice di imballaggi in plastica e gli altri attori della filiera d\u00e0 buoni frutti - Pro Food\" \/>\n<meta property=\"og:description\" content=\"Dopo # r-XPS, la prima vaschetta in #polistirolo espanso realizzata con riciclato post consumo, arriva il primo #bicchiere per la distribuzione automatica.\" \/>\n<meta property=\"og:url\" content=\"https:\/\/profooditalia.it\/en\/notizie\/la-collaborazione-fra-lindustria-produttrice-di-imballaggi-in-plastica-e-gli-altri-attori-della-filiera-da-buoni-frutti\/\" \/>\n<meta property=\"og:site_name\" content=\"Pro Food\" \/>\n<meta property=\"article:published_time\" content=\"2023-09-19T12:35:18+00:00\" \/>\n<meta property=\"article:modified_time\" content=\"2025-07-23T13:45:27+00:00\" \/>\n<meta property=\"og:image\" content=\"https:\/\/profooditalia.it\/wp-content\/uploads\/2023\/09\/Pro-Food-foto-bicchiere.jpg\" \/>\n\t<meta property=\"og:image:width\" content=\"1186\" \/>\n\t<meta property=\"og:image:height\" content=\"824\" \/>\n\t<meta property=\"og:image:type\" content=\"image\/jpeg\" \/>\n<meta name=\"author\" content=\"Lorenzo Segale\" \/>\n<meta name=\"twitter:card\" content=\"summary_large_image\" \/>\n<meta name=\"twitter:label1\" content=\"Written by\" \/>\n\t<meta name=\"twitter:data1\" content=\"Lorenzo Segale\" \/>\n\t<meta name=\"twitter:label2\" content=\"Est. reading time\" \/>\n\t<meta name=\"twitter:data2\" content=\"3 minutes\" \/>\n<script type=\"application\/ld+json\" class=\"yoast-schema-graph\">{\"@context\":\"https:\/\/schema.org\",\"@graph\":[{\"@type\":\"Article\",\"@id\":\"https:\/\/profooditalia.it\/en\/notizie\/la-collaborazione-fra-lindustria-produttrice-di-imballaggi-in-plastica-e-gli-altri-attori-della-filiera-da-buoni-frutti\/#article\",\"isPartOf\":{\"@id\":\"https:\/\/profooditalia.it\/en\/notizie\/la-collaborazione-fra-lindustria-produttrice-di-imballaggi-in-plastica-e-gli-altri-attori-della-filiera-da-buoni-frutti\/\"},\"author\":{\"name\":\"Lorenzo Segale\",\"@id\":\"https:\/\/profooditalia.it\/en\/#\/schema\/person\/7d2d18ed8e2802c31d608b6e40e7368a\"},\"headline\":\"La collaborazione fra l\u2019industria produttrice di imballaggi in plastica e gli altri attori della filiera d\u00e0 buoni frutti\",\"datePublished\":\"2023-09-19T12:35:18+00:00\",\"dateModified\":\"2025-07-23T13:45:27+00:00\",\"mainEntityOfPage\":{\"@id\":\"https:\/\/profooditalia.it\/en\/notizie\/la-collaborazione-fra-lindustria-produttrice-di-imballaggi-in-plastica-e-gli-altri-attori-della-filiera-da-buoni-frutti\/\"},\"wordCount\":503,\"publisher\":{\"@id\":\"https:\/\/profooditalia.it\/en\/#organization\"},\"image\":{\"@id\":\"https:\/\/profooditalia.it\/en\/notizie\/la-collaborazione-fra-lindustria-produttrice-di-imballaggi-in-plastica-e-gli-altri-attori-della-filiera-da-buoni-frutti\/#primaryimage\"},\"thumbnailUrl\":\"https:\/\/profooditalia.it\/wp-content\/uploads\/2023\/09\/Pro-Food-foto-bicchiere.jpg\",\"keywords\":[\"corepla\",\"ENI\",\"food packaging\",\"imballaggi in plastica\",\"imballaggi plastica\",\"polistirene riciclato\",\"R-Hybrid\",\"r-xps\",\"Teh Amrbosetti\",\"versalis\"],\"articleSection\":[\"Notizie\"],\"inLanguage\":\"en-US\"},{\"@type\":\"WebPage\",\"@id\":\"https:\/\/profooditalia.it\/en\/notizie\/la-collaborazione-fra-lindustria-produttrice-di-imballaggi-in-plastica-e-gli-altri-attori-della-filiera-da-buoni-frutti\/\",\"url\":\"https:\/\/profooditalia.it\/en\/notizie\/la-collaborazione-fra-lindustria-produttrice-di-imballaggi-in-plastica-e-gli-altri-attori-della-filiera-da-buoni-frutti\/\",\"name\":\"La collaborazione fra l\u2019industria produttrice di imballaggi in plastica e gli altri attori della filiera d\u00e0 buoni frutti - Pro Food\",\"isPartOf\":{\"@id\":\"https:\/\/profooditalia.it\/en\/#website\"},\"primaryImageOfPage\":{\"@id\":\"https:\/\/profooditalia.it\/en\/notizie\/la-collaborazione-fra-lindustria-produttrice-di-imballaggi-in-plastica-e-gli-altri-attori-della-filiera-da-buoni-frutti\/#primaryimage\"},\"image\":{\"@id\":\"https:\/\/profooditalia.it\/en\/notizie\/la-collaborazione-fra-lindustria-produttrice-di-imballaggi-in-plastica-e-gli-altri-attori-della-filiera-da-buoni-frutti\/#primaryimage\"},\"thumbnailUrl\":\"https:\/\/profooditalia.it\/wp-content\/uploads\/2023\/09\/Pro-Food-foto-bicchiere.jpg\",\"datePublished\":\"2023-09-19T12:35:18+00:00\",\"dateModified\":\"2025-07-23T13:45:27+00:00\",\"description\":\"Dopo # r-XPS, la prima vaschetta in #polistirolo espanso realizzata con riciclato post consumo, arriva il primo #bicchiere per la distribuzione automatica.\",\"breadcrumb\":{\"@id\":\"https:\/\/profooditalia.it\/en\/notizie\/la-collaborazione-fra-lindustria-produttrice-di-imballaggi-in-plastica-e-gli-altri-attori-della-filiera-da-buoni-frutti\/#breadcrumb\"},\"inLanguage\":\"en-US\",\"potentialAction\":[{\"@type\":\"ReadAction\",\"target\":[\"https:\/\/profooditalia.it\/en\/notizie\/la-collaborazione-fra-lindustria-produttrice-di-imballaggi-in-plastica-e-gli-altri-attori-della-filiera-da-buoni-frutti\/\"]}]},{\"@type\":\"ImageObject\",\"inLanguage\":\"en-US\",\"@id\":\"https:\/\/profooditalia.it\/en\/notizie\/la-collaborazione-fra-lindustria-produttrice-di-imballaggi-in-plastica-e-gli-altri-attori-della-filiera-da-buoni-frutti\/#primaryimage\",\"url\":\"https:\/\/profooditalia.it\/wp-content\/uploads\/2023\/09\/Pro-Food-foto-bicchiere.jpg\",\"contentUrl\":\"https:\/\/profooditalia.it\/wp-content\/uploads\/2023\/09\/Pro-Food-foto-bicchiere.jpg\",\"width\":1186,\"height\":824},{\"@type\":\"BreadcrumbList\",\"@id\":\"https:\/\/profooditalia.it\/en\/notizie\/la-collaborazione-fra-lindustria-produttrice-di-imballaggi-in-plastica-e-gli-altri-attori-della-filiera-da-buoni-frutti\/#breadcrumb\",\"itemListElement\":[{\"@type\":\"ListItem\",\"position\":1,\"name\":\"Home\",\"item\":\"https:\/\/profooditalia.it\/en\/home-page\/\"},{\"@type\":\"ListItem\",\"position\":2,\"name\":\"La collaborazione fra l\u2019industria produttrice di imballaggi in plastica e gli altri attori della filiera d\u00e0 buoni frutti\"}]},{\"@type\":\"WebSite\",\"@id\":\"https:\/\/profooditalia.it\/en\/#website\",\"url\":\"https:\/\/profooditalia.it\/en\/\",\"name\":\"Pro Food\",\"description\":\"Gruppo produttori imballaggi per alimenti freschi\",\"publisher\":{\"@id\":\"https:\/\/profooditalia.it\/en\/#organization\"},\"potentialAction\":[{\"@type\":\"SearchAction\",\"target\":{\"@type\":\"EntryPoint\",\"urlTemplate\":\"https:\/\/profooditalia.it\/en\/?s={search_term_string}\"},\"query-input\":{\"@type\":\"PropertyValueSpecification\",\"valueRequired\":true,\"valueName\":\"search_term_string\"}}],\"inLanguage\":\"en-US\"},{\"@type\":\"Organization\",\"@id\":\"https:\/\/profooditalia.it\/en\/#organization\",\"name\":\"Pro Food\",\"url\":\"https:\/\/profooditalia.it\/en\/\",\"logo\":{\"@type\":\"ImageObject\",\"inLanguage\":\"en-US\",\"@id\":\"https:\/\/profooditalia.it\/en\/#\/schema\/logo\/image\/\",\"url\":\"https:\/\/profooditalia.it\/wp-content\/uploads\/2025\/11\/pro-food-logo-trasp-512x512-1.png\",\"contentUrl\":\"https:\/\/profooditalia.it\/wp-content\/uploads\/2025\/11\/pro-food-logo-trasp-512x512-1.png\",\"width\":512,\"height\":512,\"caption\":\"Pro Food\"},\"image\":{\"@id\":\"https:\/\/profooditalia.it\/en\/#\/schema\/logo\/image\/\"}},{\"@type\":\"Person\",\"@id\":\"https:\/\/profooditalia.it\/en\/#\/schema\/person\/7d2d18ed8e2802c31d608b6e40e7368a\",\"name\":\"Lorenzo Segale\"}]}<\/script>\n<!-- \/ Yoast SEO plugin. -->","yoast_head_json":{"title":"La collaborazione fra l\u2019industria produttrice di imballaggi in plastica e gli altri attori della filiera d\u00e0 buoni frutti - Pro Food","description":"Dopo # r-XPS, la prima vaschetta in #polistirolo espanso realizzata con riciclato post consumo, arriva il primo #bicchiere per la distribuzione automatica.","robots":{"index":"index","follow":"follow","max-snippet":"max-snippet:-1","max-image-preview":"max-image-preview:large","max-video-preview":"max-video-preview:-1"},"canonical":"https:\/\/profooditalia.it\/en\/notizie\/la-collaborazione-fra-lindustria-produttrice-di-imballaggi-in-plastica-e-gli-altri-attori-della-filiera-da-buoni-frutti\/","og_locale":"en_US","og_type":"article","og_title":"La collaborazione fra l\u2019industria produttrice di imballaggi in plastica e gli altri attori della filiera d\u00e0 buoni frutti - Pro Food","og_description":"Dopo # r-XPS, la prima vaschetta in #polistirolo espanso realizzata con riciclato post consumo, arriva il primo #bicchiere per la distribuzione automatica.","og_url":"https:\/\/profooditalia.it\/en\/notizie\/la-collaborazione-fra-lindustria-produttrice-di-imballaggi-in-plastica-e-gli-altri-attori-della-filiera-da-buoni-frutti\/","og_site_name":"Pro Food","article_published_time":"2023-09-19T12:35:18+00:00","article_modified_time":"2025-07-23T13:45:27+00:00","og_image":[{"width":1186,"height":824,"url":"https:\/\/profooditalia.it\/wp-content\/uploads\/2023\/09\/Pro-Food-foto-bicchiere.jpg","type":"image\/jpeg"}],"author":"Lorenzo Segale","twitter_card":"summary_large_image","twitter_misc":{"Written by":"Lorenzo Segale","Est. reading time":"3 minutes"},"schema":{"@context":"https:\/\/schema.org","@graph":[{"@type":"Article","@id":"https:\/\/profooditalia.it\/en\/notizie\/la-collaborazione-fra-lindustria-produttrice-di-imballaggi-in-plastica-e-gli-altri-attori-della-filiera-da-buoni-frutti\/#article","isPartOf":{"@id":"https:\/\/profooditalia.it\/en\/notizie\/la-collaborazione-fra-lindustria-produttrice-di-imballaggi-in-plastica-e-gli-altri-attori-della-filiera-da-buoni-frutti\/"},"author":{"name":"Lorenzo Segale","@id":"https:\/\/profooditalia.it\/en\/#\/schema\/person\/7d2d18ed8e2802c31d608b6e40e7368a"},"headline":"La collaborazione fra l\u2019industria produttrice di imballaggi in plastica e gli altri attori della filiera d\u00e0 buoni frutti","datePublished":"2023-09-19T12:35:18+00:00","dateModified":"2025-07-23T13:45:27+00:00","mainEntityOfPage":{"@id":"https:\/\/profooditalia.it\/en\/notizie\/la-collaborazione-fra-lindustria-produttrice-di-imballaggi-in-plastica-e-gli-altri-attori-della-filiera-da-buoni-frutti\/"},"wordCount":503,"publisher":{"@id":"https:\/\/profooditalia.it\/en\/#organization"},"image":{"@id":"https:\/\/profooditalia.it\/en\/notizie\/la-collaborazione-fra-lindustria-produttrice-di-imballaggi-in-plastica-e-gli-altri-attori-della-filiera-da-buoni-frutti\/#primaryimage"},"thumbnailUrl":"https:\/\/profooditalia.it\/wp-content\/uploads\/2023\/09\/Pro-Food-foto-bicchiere.jpg","keywords":["corepla","ENI","food packaging","imballaggi in plastica","imballaggi plastica","polistirene riciclato","R-Hybrid","r-xps","Teh Amrbosetti","versalis"],"articleSection":["Notizie"],"inLanguage":"en-US"},{"@type":"WebPage","@id":"https:\/\/profooditalia.it\/en\/notizie\/la-collaborazione-fra-lindustria-produttrice-di-imballaggi-in-plastica-e-gli-altri-attori-della-filiera-da-buoni-frutti\/","url":"https:\/\/profooditalia.it\/en\/notizie\/la-collaborazione-fra-lindustria-produttrice-di-imballaggi-in-plastica-e-gli-altri-attori-della-filiera-da-buoni-frutti\/","name":"La collaborazione fra l\u2019industria produttrice di imballaggi in plastica e gli altri attori della filiera d\u00e0 buoni frutti - Pro Food","isPartOf":{"@id":"https:\/\/profooditalia.it\/en\/#website"},"primaryImageOfPage":{"@id":"https:\/\/profooditalia.it\/en\/notizie\/la-collaborazione-fra-lindustria-produttrice-di-imballaggi-in-plastica-e-gli-altri-attori-della-filiera-da-buoni-frutti\/#primaryimage"},"image":{"@id":"https:\/\/profooditalia.it\/en\/notizie\/la-collaborazione-fra-lindustria-produttrice-di-imballaggi-in-plastica-e-gli-altri-attori-della-filiera-da-buoni-frutti\/#primaryimage"},"thumbnailUrl":"https:\/\/profooditalia.it\/wp-content\/uploads\/2023\/09\/Pro-Food-foto-bicchiere.jpg","datePublished":"2023-09-19T12:35:18+00:00","dateModified":"2025-07-23T13:45:27+00:00","description":"Dopo # r-XPS, la prima vaschetta in #polistirolo espanso realizzata con riciclato post consumo, arriva il primo #bicchiere per la distribuzione automatica.","breadcrumb":{"@id":"https:\/\/profooditalia.it\/en\/notizie\/la-collaborazione-fra-lindustria-produttrice-di-imballaggi-in-plastica-e-gli-altri-attori-della-filiera-da-buoni-frutti\/#breadcrumb"},"inLanguage":"en-US","potentialAction":[{"@type":"ReadAction","target":["https:\/\/profooditalia.it\/en\/notizie\/la-collaborazione-fra-lindustria-produttrice-di-imballaggi-in-plastica-e-gli-altri-attori-della-filiera-da-buoni-frutti\/"]}]},{"@type":"ImageObject","inLanguage":"en-US","@id":"https:\/\/profooditalia.it\/en\/notizie\/la-collaborazione-fra-lindustria-produttrice-di-imballaggi-in-plastica-e-gli-altri-attori-della-filiera-da-buoni-frutti\/#primaryimage","url":"https:\/\/profooditalia.it\/wp-content\/uploads\/2023\/09\/Pro-Food-foto-bicchiere.jpg","contentUrl":"https:\/\/profooditalia.it\/wp-content\/uploads\/2023\/09\/Pro-Food-foto-bicchiere.jpg","width":1186,"height":824},{"@type":"BreadcrumbList","@id":"https:\/\/profooditalia.it\/en\/notizie\/la-collaborazione-fra-lindustria-produttrice-di-imballaggi-in-plastica-e-gli-altri-attori-della-filiera-da-buoni-frutti\/#breadcrumb","itemListElement":[{"@type":"ListItem","position":1,"name":"Home","item":"https:\/\/profooditalia.it\/en\/home-page\/"},{"@type":"ListItem","position":2,"name":"La collaborazione fra l\u2019industria produttrice di imballaggi in plastica e gli altri attori della filiera d\u00e0 buoni frutti"}]},{"@type":"WebSite","@id":"https:\/\/profooditalia.it\/en\/#website","url":"https:\/\/profooditalia.it\/en\/","name":"Pro Food","description":"Gruppo produttori imballaggi per alimenti freschi","publisher":{"@id":"https:\/\/profooditalia.it\/en\/#organization"},"potentialAction":[{"@type":"SearchAction","target":{"@type":"EntryPoint","urlTemplate":"https:\/\/profooditalia.it\/en\/?s={search_term_string}"},"query-input":{"@type":"PropertyValueSpecification","valueRequired":true,"valueName":"search_term_string"}}],"inLanguage":"en-US"},{"@type":"Organization","@id":"https:\/\/profooditalia.it\/en\/#organization","name":"Pro Food","url":"https:\/\/profooditalia.it\/en\/","logo":{"@type":"ImageObject","inLanguage":"en-US","@id":"https:\/\/profooditalia.it\/en\/#\/schema\/logo\/image\/","url":"https:\/\/profooditalia.it\/wp-content\/uploads\/2025\/11\/pro-food-logo-trasp-512x512-1.png","contentUrl":"https:\/\/profooditalia.it\/wp-content\/uploads\/2025\/11\/pro-food-logo-trasp-512x512-1.png","width":512,"height":512,"caption":"Pro Food"},"image":{"@id":"https:\/\/profooditalia.it\/en\/#\/schema\/logo\/image\/"}},{"@type":"Person","@id":"https:\/\/profooditalia.it\/en\/#\/schema\/person\/7d2d18ed8e2802c31d608b6e40e7368a","name":"Lorenzo Segale"}]}},"_links":{"self":[{"href":"https:\/\/profooditalia.it\/en\/wp-json\/wp\/v2\/posts\/18918","targetHints":{"allow":["GET"]}}],"collection":[{"href":"https:\/\/profooditalia.it\/en\/wp-json\/wp\/v2\/posts"}],"about":[{"href":"https:\/\/profooditalia.it\/en\/wp-json\/wp\/v2\/types\/post"}],"author":[{"embeddable":true,"href":"https:\/\/profooditalia.it\/en\/wp-json\/wp\/v2\/users\/4"}],"replies":[{"embeddable":true,"href":"https:\/\/profooditalia.it\/en\/wp-json\/wp\/v2\/comments?post=18918"}],"version-history":[{"count":1,"href":"https:\/\/profooditalia.it\/en\/wp-json\/wp\/v2\/posts\/18918\/revisions"}],"predecessor-version":[{"id":19371,"href":"https:\/\/profooditalia.it\/en\/wp-json\/wp\/v2\/posts\/18918\/revisions\/19371"}],"wp:featuredmedia":[{"embeddable":true,"href":"https:\/\/profooditalia.it\/en\/wp-json\/wp\/v2\/media\/18920"}],"wp:attachment":[{"href":"https:\/\/profooditalia.it\/en\/wp-json\/wp\/v2\/media?parent=18918"}],"wp:term":[{"taxonomy":"category","embeddable":true,"href":"https:\/\/profooditalia.it\/en\/wp-json\/wp\/v2\/categories?post=18918"},{"taxonomy":"post_tag","embeddable":true,"href":"https:\/\/profooditalia.it\/en\/wp-json\/wp\/v2\/tags?post=18918"}],"curies":[{"name":"wp","href":"https:\/\/api.w.org\/{rel}","templated":true}]}}